{"id":998,"date":"2015-03-15T17:10:55","date_gmt":"2015-03-15T16:10:55","guid":{"rendered":"http:\/\/schregle.eu\/?p=998"},"modified":"2015-03-15T17:10:55","modified_gmt":"2015-03-15T16:10:55","slug":"winterspass-pur-im-zillertal","status":"publish","type":"post","link":"http:\/\/schregle.eu\/?p=998","title":{"rendered":"Winterspa\u00df pur im Zillertal"},"content":{"rendered":"<p style=\"text-align: justify;\">Am 14. Februar 2015 fand in Gr\u00e4n am F\u00fcssener J\u00f6chle das Abschlussrennen der Aystetter Skikurse statt, welches auch zugleich immer das Ende der Skikurse bedeutet. So war es dann dieses Jahr aber f\u00fcr uns auch der Beginn einer Spa\u00dfwoche in den Zillertaler Alpen.<br \/>\nDie Vorfreude auf diesen Urlaub fiel dem Organisationsaufwand der Aystetter Skikurse zum Opfer, jedoch wurden wir voll und ich meine damit zu 100% in dieser Urlaubswoche entsch\u00e4digt. Kaiserwetter vom ersten Tag weg bis zur Heimfahrt. Untergebracht waren wir in einem Haus am Hainzenberg, welches f\u00fcr uns ideal gelegen und bis auf Urgro\u00dfmutters Bett keine W\u00fcnsche offen lies.<br \/>\nWow, &#8211; und dann das Skierlebnis diese Woche. Mal abgesehen davon dass allein schon das Wetter Wonneg\u00fcsse versch\u00fcttete, w\u00e4re uns auch so nicht langweilig geworden: Funpark, Speedstrecken, kilometerweite perfekt pr\u00e4parierte Pisten, Loops, Apreski, Kaiserschmarrn und nicht zu vergessen die Harakiri &#8211; We survived Harakiri, &#8211; diese Piste ist nach dem japanischen Vulg\u00e4rausdruck f\u00fcr Seppuku, dem rituellen Suizid bei Samurai, benannt und laut Angabe der Mayrhofner Bergbahnen (Betreiber) mit einem Gef\u00e4lle bis zu 78\u00a0%, einer L\u00e4nge von etwa 1500\u00a0Metern und 60\u00a0Metern Breite die steilste pr\u00e4parierte Skipiste \u00d6sterreichs. Jupp, es war eben f\u00fcr alle was dabei.<br \/>\nGanz nebenbei senden wir an dieser Stelle auch viele Gr\u00fc\u00dfe nach Thaur in Tirol zu Petra und Romed. Kaum vergeht eine halbe Ewigkeit, hat es in dieser Woche der Zufall so gewollt dass wir uns im Zillertal nach vielen Jahren f\u00fcr einen ganzen Skitag treffen konnten und einen wundersch\u00f6nen Tag miteinander verbringen durften.<br \/>\nUnd wenns lofft, dann lofft`s &#8211; So verlief denn auch die Heimreise wie man sich eben eine Heimreise vorstellt ohne Stau und Unfall, weil wir uns bereits um 7 Uhr in der Fr\u00fch auf den Heimweg gemacht haben. Wie sch\u00f6n, nach einer Woche in Urgro\u00dfmutters Bett!<\/p>\n<p style=\"text-align: center;\"><a href=\"http:\/\/schregle.eu\/?attachment_id=1003\" rel=\"attachment wp-att-1003\"><img loading=\"lazy\" decoding=\"async\" class=\"alignnone size-thumbnail wp-image-1003\" src=\"http:\/\/schregle.eu\/wp-content\/uploads\/2015\/03\/Zillertal_2015_01-180x108.jpg\" alt=\"Zillertal_2015_01\" width=\"180\" height=\"108\" srcset=\"http:\/\/schregle.eu\/wp-content\/uploads\/2015\/03\/Zillertal_2015_01-180x108.jpg 180w, http:\/\/schregle.eu\/wp-content\/uploads\/2015\/03\/Zillertal_2015_01-600x360.jpg 600w, http:\/\/schregle.eu\/wp-content\/uploads\/2015\/03\/Zillertal_2015_01.jpg 1200w\" sizes=\"auto, (max-width: 180px) 100vw, 180px\" \/><\/a> <a href=\"http:\/\/schregle.eu\/?attachment_id=1004\" rel=\"attachment wp-att-1004\"><img loading=\"lazy\" decoding=\"async\" class=\"alignnone size-thumbnail wp-image-1004\" src=\"http:\/\/schregle.eu\/wp-content\/uploads\/2015\/03\/Zillertal_2015_02-180x108.jpg\" alt=\"Zillertal_2015_02\" width=\"180\" height=\"108\" srcset=\"http:\/\/schregle.eu\/wp-content\/uploads\/2015\/03\/Zillertal_2015_02-180x108.jpg 180w, http:\/\/schregle.eu\/wp-content\/uploads\/2015\/03\/Zillertal_2015_02-600x360.jpg 600w, http:\/\/schregle.eu\/wp-content\/uploads\/2015\/03\/Zillertal_2015_02.jpg 1200w\" sizes=\"auto, (max-width: 180px) 100vw, 180px\" \/><\/a> <a href=\"http:\/\/schregle.eu\/?attachment_id=1005\" rel=\"attachment wp-att-1005\"><img loading=\"lazy\" decoding=\"async\" class=\"alignnone size-thumbnail wp-image-1005\" src=\"http:\/\/schregle.eu\/wp-content\/uploads\/2015\/03\/Zillertal_2015_03-180x108.jpg\" alt=\"Zillertal_2015_03\" width=\"180\" height=\"108\" srcset=\"http:\/\/schregle.eu\/wp-content\/uploads\/2015\/03\/Zillertal_2015_03-180x108.jpg 180w, http:\/\/schregle.eu\/wp-content\/uploads\/2015\/03\/Zillertal_2015_03-600x360.jpg 600w, http:\/\/schregle.eu\/wp-content\/uploads\/2015\/03\/Zillertal_2015_03.jpg 1200w\" sizes=\"auto, (max-width: 180px) 100vw, 180px\" \/><\/a> <a href=\"http:\/\/schregle.eu\/?attachment_id=1006\" rel=\"attachment wp-att-1006\"><img loading=\"lazy\" decoding=\"async\" class=\"alignnone size-thumbnail wp-image-1006\" src=\"http:\/\/schregle.eu\/wp-content\/uploads\/2015\/03\/Zillertal_2015_04-180x108.jpg\" alt=\"Zillertal_2015_04\" width=\"180\" height=\"108\" srcset=\"http:\/\/schregle.eu\/wp-content\/uploads\/2015\/03\/Zillertal_2015_04-180x108.jpg 180w, http:\/\/schregle.eu\/wp-content\/uploads\/2015\/03\/Zillertal_2015_04-600x360.jpg 600w, http:\/\/schregle.eu\/wp-content\/uploads\/2015\/03\/Zillertal_2015_04.jpg 1200w\" sizes=\"auto, (max-width: 180px) 100vw, 180px\" \/><\/a> <a href=\"http:\/\/schregle.eu\/?attachment_id=1007\" rel=\"attachment wp-att-1007\"><img loading=\"lazy\" decoding=\"async\" class=\"alignnone size-thumbnail wp-image-1007\" src=\"http:\/\/schregle.eu\/wp-content\/uploads\/2015\/03\/Zillertal_2015_05-180x108.jpg\" alt=\"Zillertal_2015_05\" width=\"180\" height=\"108\" srcset=\"http:\/\/schregle.eu\/wp-content\/uploads\/2015\/03\/Zillertal_2015_05-180x108.jpg 180w, http:\/\/schregle.eu\/wp-content\/uploads\/2015\/03\/Zillertal_2015_05-600x360.jpg 600w, http:\/\/schregle.eu\/wp-content\/uploads\/2015\/03\/Zillertal_2015_05.jpg 1200w\" sizes=\"auto, (max-width: 180px) 100vw, 180px\" \/><\/a> <a href=\"http:\/\/schregle.eu\/?attachment_id=1008\" rel=\"attachment wp-att-1008\"><img loading=\"lazy\" decoding=\"async\" class=\"alignnone size-thumbnail wp-image-1008\" src=\"http:\/\/schregle.eu\/wp-content\/uploads\/2015\/03\/Zillertal_2015_06-180x108.jpg\" alt=\"Zillertal_2015_06\" width=\"180\" height=\"108\" srcset=\"http:\/\/schregle.eu\/wp-content\/uploads\/2015\/03\/Zillertal_2015_06-180x108.jpg 180w, http:\/\/schregle.eu\/wp-content\/uploads\/2015\/03\/Zillertal_2015_06-600x360.jpg 600w, http:\/\/schregle.eu\/wp-content\/uploads\/2015\/03\/Zillertal_2015_06.jpg 1200w\" sizes=\"auto, (max-width: 180px) 100vw, 180px\" \/><\/a> <a href=\"http:\/\/schregle.eu\/?attachment_id=1009\" rel=\"attachment wp-att-1009\"><img loading=\"lazy\" decoding=\"async\" class=\"alignnone size-thumbnail wp-image-1009\" src=\"http:\/\/schregle.eu\/wp-content\/uploads\/2015\/03\/Zillertal_2015_07-180x108.jpg\" alt=\"Zillertal_2015_07\" width=\"180\" height=\"108\" srcset=\"http:\/\/schregle.eu\/wp-content\/uploads\/2015\/03\/Zillertal_2015_07-180x108.jpg 180w, http:\/\/schregle.eu\/wp-content\/uploads\/2015\/03\/Zillertal_2015_07-600x360.jpg 600w, http:\/\/schregle.eu\/wp-content\/uploads\/2015\/03\/Zillertal_2015_07.jpg 1200w\" sizes=\"auto, (max-width: 180px) 100vw, 180px\" \/><\/a> <a href=\"http:\/\/schregle.eu\/?attachment_id=1010\" rel=\"attachment wp-att-1010\"><img loading=\"lazy\" decoding=\"async\" class=\"alignnone size-thumbnail wp-image-1010\" src=\"http:\/\/schregle.eu\/wp-content\/uploads\/2015\/03\/Zillertal_2015_08-180x108.jpg\" alt=\"Zillertal_2015_08\" width=\"180\" height=\"108\" srcset=\"http:\/\/schregle.eu\/wp-content\/uploads\/2015\/03\/Zillertal_2015_08-180x108.jpg 180w, http:\/\/schregle.eu\/wp-content\/uploads\/2015\/03\/Zillertal_2015_08-600x360.jpg 600w, http:\/\/schregle.eu\/wp-content\/uploads\/2015\/03\/Zillertal_2015_08.jpg 1200w\" sizes=\"auto, (max-width: 180px) 100vw, 180px\" \/><\/a> <a href=\"http:\/\/schregle.eu\/?attachment_id=1011\" rel=\"attachment wp-att-1011\"><img loading=\"lazy\" decoding=\"async\" class=\"alignnone size-thumbnail wp-image-1011\" src=\"http:\/\/schregle.eu\/wp-content\/uploads\/2015\/03\/Zillertal_2015_09-180x108.jpg\" alt=\"Zillertal_2015_09\" width=\"180\" height=\"108\" srcset=\"http:\/\/schregle.eu\/wp-content\/uploads\/2015\/03\/Zillertal_2015_09-180x108.jpg 180w, http:\/\/schregle.eu\/wp-content\/uploads\/2015\/03\/Zillertal_2015_09-600x360.jpg 600w, http:\/\/schregle.eu\/wp-content\/uploads\/2015\/03\/Zillertal_2015_09.jpg 1200w\" sizes=\"auto, (max-width: 180px) 100vw, 180px\" \/><\/a> <a href=\"http:\/\/schregle.eu\/?attachment_id=1012\" rel=\"attachment wp-att-1012\"><img loading=\"lazy\" decoding=\"async\" class=\"alignnone size-thumbnail wp-image-1012\" src=\"http:\/\/schregle.eu\/wp-content\/uploads\/2015\/03\/Zillertal_2015_10-180x108.jpg\" alt=\"Zillertal_2015_10\" width=\"180\" height=\"108\" srcset=\"http:\/\/schregle.eu\/wp-content\/uploads\/2015\/03\/Zillertal_2015_10-180x108.jpg 180w, http:\/\/schregle.eu\/wp-content\/uploads\/2015\/03\/Zillertal_2015_10-600x360.jpg 600w, http:\/\/schregle.eu\/wp-content\/uploads\/2015\/03\/Zillertal_2015_10.jpg 1200w\" sizes=\"auto, (max-width: 180px) 100vw, 180px\" \/><\/a> <a href=\"http:\/\/schregle.eu\/?attachment_id=1013\" rel=\"attachment wp-att-1013\"><img loading=\"lazy\" decoding=\"async\" class=\"alignnone size-thumbnail wp-image-1013\" src=\"http:\/\/schregle.eu\/wp-content\/uploads\/2015\/03\/Zillertal_2015_11-180x108.jpg\" alt=\"Zillertal_2015_11\" width=\"180\" height=\"108\" srcset=\"http:\/\/schregle.eu\/wp-content\/uploads\/2015\/03\/Zillertal_2015_11-180x108.jpg 180w, http:\/\/schregle.eu\/wp-content\/uploads\/2015\/03\/Zillertal_2015_11-600x360.jpg 600w, http:\/\/schregle.eu\/wp-content\/uploads\/2015\/03\/Zillertal_2015_11.jpg 1200w\" sizes=\"auto, (max-width: 180px) 100vw, 180px\" \/><\/a> <a href=\"http:\/\/schregle.eu\/?attachment_id=1014\" rel=\"attachment wp-att-1014\"><img loading=\"lazy\" decoding=\"async\" class=\"alignnone size-thumbnail wp-image-1014\" src=\"http:\/\/schregle.eu\/wp-content\/uploads\/2015\/03\/Zillertal_2015_12-180x108.jpg\" alt=\"Zillertal_2015_12\" width=\"180\" height=\"108\" srcset=\"http:\/\/schregle.eu\/wp-content\/uploads\/2015\/03\/Zillertal_2015_12-180x108.jpg 180w, http:\/\/schregle.eu\/wp-content\/uploads\/2015\/03\/Zillertal_2015_12-600x360.jpg 600w, http:\/\/schregle.eu\/wp-content\/uploads\/2015\/03\/Zillertal_2015_12.jpg 1200w\" sizes=\"auto, (max-width: 180px) 100vw, 180px\" \/><\/a> <a href=\"http:\/\/schregle.eu\/?attachment_id=1015\" rel=\"attachment wp-att-1015\"><img loading=\"lazy\" decoding=\"async\" class=\"alignnone size-thumbnail wp-image-1015\" src=\"http:\/\/schregle.eu\/wp-content\/uploads\/2015\/03\/Zillertal_2015_13-180x108.jpg\" alt=\"Zillertal_2015_13\" width=\"180\" height=\"108\" srcset=\"http:\/\/schregle.eu\/wp-content\/uploads\/2015\/03\/Zillertal_2015_13-180x108.jpg 180w, http:\/\/schregle.eu\/wp-content\/uploads\/2015\/03\/Zillertal_2015_13-600x360.jpg 600w, http:\/\/schregle.eu\/wp-content\/uploads\/2015\/03\/Zillertal_2015_13.jpg 1200w\" sizes=\"auto, (max-width: 180px) 100vw, 180px\" \/><\/a> <a href=\"http:\/\/schregle.eu\/?attachment_id=1016\" rel=\"attachment wp-att-1016\"><img loading=\"lazy\" decoding=\"async\" class=\"alignnone size-thumbnail wp-image-1016\" src=\"http:\/\/schregle.eu\/wp-content\/uploads\/2015\/03\/Zillertal_2015_14-180x108.jpg\" alt=\"Zillertal_2015_14\" width=\"180\" height=\"108\" srcset=\"http:\/\/schregle.eu\/wp-content\/uploads\/2015\/03\/Zillertal_2015_14-180x108.jpg 180w, http:\/\/schregle.eu\/wp-content\/uploads\/2015\/03\/Zillertal_2015_14-600x360.jpg 600w, http:\/\/schregle.eu\/wp-content\/uploads\/2015\/03\/Zillertal_2015_14.jpg 1200w\" sizes=\"auto, (max-width: 180px) 100vw, 180px\" \/><\/a> <a href=\"http:\/\/schregle.eu\/?attachment_id=1017\" rel=\"attachment wp-att-1017\"><img loading=\"lazy\" decoding=\"async\" class=\"alignnone size-thumbnail wp-image-1017\" src=\"http:\/\/schregle.eu\/wp-content\/uploads\/2015\/03\/Zillertal_2015_15-180x108.jpg\" alt=\"Zillertal_2015_15\" width=\"180\" height=\"108\" srcset=\"http:\/\/schregle.eu\/wp-content\/uploads\/2015\/03\/Zillertal_2015_15-180x108.jpg 180w, http:\/\/schregle.eu\/wp-content\/uploads\/2015\/03\/Zillertal_2015_15-600x360.jpg 600w, http:\/\/schregle.eu\/wp-content\/uploads\/2015\/03\/Zillertal_2015_15.jpg 1200w\" sizes=\"auto, (max-width: 180px) 100vw, 180px\" \/><\/a> <a href=\"http:\/\/schregle.eu\/?attachment_id=1018\" rel=\"attachment wp-att-1018\"><img loading=\"lazy\" decoding=\"async\" class=\"alignnone size-thumbnail wp-image-1018\" src=\"http:\/\/schregle.eu\/wp-content\/uploads\/2015\/03\/Zillertal_2015_16-180x108.jpg\" alt=\"Zillertal_2015_16\" width=\"180\" height=\"108\" srcset=\"http:\/\/schregle.eu\/wp-content\/uploads\/2015\/03\/Zillertal_2015_16-180x108.jpg 180w, http:\/\/schregle.eu\/wp-content\/uploads\/2015\/03\/Zillertal_2015_16-600x360.jpg 600w, http:\/\/schregle.eu\/wp-content\/uploads\/2015\/03\/Zillertal_2015_16.jpg 1200w\" sizes=\"auto, (max-width: 180px) 100vw, 180px\" \/><\/a><\/p>\n<p style=\"text-align: justify;\">\n","protected":false},"excerpt":{"rendered":"<p>Am 14. Februar 2015 fand in Gr\u00e4n am F\u00fcssener J\u00f6chle das Abschlussrennen der Aystetter Skikurse statt, welches auch zugleich immer das Ende der Skikurse bedeutet. So war es dann dieses Jahr aber f\u00fcr uns auch der Beginn einer Spa\u00dfwoche in den Zillertaler Alpen. Die Vorfreude auf diesen Urlaub fiel dem Organisationsaufwand der Aystetter Skikurse zum &hellip; <a href=\"http:\/\/schregle.eu\/?p=998\" class=\"more-link\"><span class=\"screen-reader-text\">Winterspa\u00df pur im Zillertal<\/span> weiterlesen <span class=\"meta-nav\">&rarr;<\/span><\/a><\/p>\n","protected":false},"author":1,"featured_media":0,"comment_status":"closed","ping_status":"closed","sticky":false,"template":"","format":"standard","meta":{"footnotes":""},"categories":[13],"tags":[],"class_list":["post-998","post","type-post","status-publish","format-standard","hentry","category-urlaub"],"_links":{"self":[{"href":"http:\/\/schregle.eu\/index.php?rest_route=\/wp\/v2\/posts\/998","targetHints":{"allow":["GET"]}}],"collection":[{"href":"http:\/\/schregle.eu\/index.php?rest_route=\/wp\/v2\/posts"}],"about":[{"href":"http:\/\/schregle.eu\/index.php?rest_route=\/wp\/v2\/types\/post"}],"author":[{"embeddable":true,"href":"http:\/\/schregle.eu\/index.php?rest_route=\/wp\/v2\/users\/1"}],"replies":[{"embeddable":true,"href":"http:\/\/schregle.eu\/index.php?rest_route=%2Fwp%2Fv2%2Fcomments&post=998"}],"version-history":[{"count":9,"href":"http:\/\/schregle.eu\/index.php?rest_route=\/wp\/v2\/posts\/998\/revisions"}],"predecessor-version":[{"id":1023,"href":"http:\/\/schregle.eu\/index.php?rest_route=\/wp\/v2\/posts\/998\/revisions\/1023"}],"wp:attachment":[{"href":"http:\/\/schregle.eu\/index.php?rest_route=%2Fwp%2Fv2%2Fmedia&parent=998"}],"wp:term":[{"taxonomy":"category","embeddable":true,"href":"http:\/\/schregle.eu\/index.php?rest_route=%2Fwp%2Fv2%2Fcategories&post=998"},{"taxonomy":"post_tag","embeddable":true,"href":"http:\/\/schregle.eu\/index.php?rest_route=%2Fwp%2Fv2%2Ftags&post=998"}],"curies":[{"name":"wp","href":"https:\/\/api.w.org\/{rel}","templated":true}]}}