{"id":989,"date":"2015-01-24T17:13:56","date_gmt":"2015-01-24T16:13:56","guid":{"rendered":"http:\/\/schregle.eu\/?p=989"},"modified":"2015-01-24T17:13:56","modified_gmt":"2015-01-24T16:13:56","slug":"ene-mene-meck-und-wir-waren-weg","status":"publish","type":"post","link":"http:\/\/schregle.eu\/?p=989","title":{"rendered":"Ene mene Meck und wir waren weg&#8230;"},"content":{"rendered":"<p style=\"text-align: justify;\">Juup, &#8211; ist schon eine Weile her seit ich hier gesessen bin und einen Beitrag eingestellt habe. Es war aber auch eine Menge los.<br \/>\nWir haben die Weihnachtsfeiertage gut verbracht und Silvester dieses Jahr in Moorenweis verbracht. Auch dieses Event war wie jedes Jahr sehr kurzweilig.<br \/>\nAnfang Januar vom 2. bis zum 4. waren Gisela und ich in Bad Kohlgrub und haben uns bei einem Wellnesswochenende verw\u00f6hnen lassen. Hm, das Leben kann so sch\u00f6n sein&#8230; in Erinnerung schwelg&#8230; \ud83d\ude00<\/p>\n<p style=\"text-align: justify;\">Begleitet waren die letzten Wochen von den Vorbereitungen der Aystetter Skikurse bei denen Gisela und ich kurzerhand die Organisation der Voranmeldungen \u00fcbernommen haben. Zeitgleich bereitet Gisela seit letzter Woche den Kinderfaschingsball vor. Nun &#8211; es wird nicht langweilig.<\/p>\n<p style=\"text-align: justify;\">Die Skikurse sind nach ein paar Wetterkapriolen angelaufen und heute findet die 2. Fahrt statt. Allerdings ohne Thomas und mich. Thomas hat seit Freitag Nachmittag Fieber und ich habe mir wohl irgendetwas an der Ferse eingefangen was sich nicht zum Skifahren eignet. Insofern mussten Thomas und ich heute auf den wei\u00dfen Spa\u00df verzichten. Thomas tr\u00e4gt`s mit Fassung und ich mit der Vorfreude auf mein ganz pers\u00f6nliches Ski-Opening am n\u00e4chsten Wochenende.<\/p>\n","protected":false},"excerpt":{"rendered":"<p>Juup, &#8211; ist schon eine Weile her seit ich hier gesessen bin und einen Beitrag eingestellt habe. Es war aber auch eine Menge los. Wir haben die Weihnachtsfeiertage gut verbracht und Silvester dieses Jahr in Moorenweis verbracht. Auch dieses Event war wie jedes Jahr sehr kurzweilig. Anfang Januar vom 2. bis zum 4. waren Gisela &hellip; <a href=\"http:\/\/schregle.eu\/?p=989\" class=\"more-link\"><span class=\"screen-reader-text\">Ene mene Meck und wir waren weg&#8230;<\/span> weiterlesen <span class=\"meta-nav\">&rarr;<\/span><\/a><\/p>\n","protected":false},"author":1,"featured_media":0,"comment_status":"closed","ping_status":"closed","sticky":false,"template":"","format":"standard","meta":{"footnotes":""},"categories":[6],"tags":[],"class_list":["post-989","post","type-post","status-publish","format-standard","hentry","category-die-familie"],"_links":{"self":[{"href":"http:\/\/schregle.eu\/index.php?rest_route=\/wp\/v2\/posts\/989","targetHints":{"allow":["GET"]}}],"collection":[{"href":"http:\/\/schregle.eu\/index.php?rest_route=\/wp\/v2\/posts"}],"about":[{"href":"http:\/\/schregle.eu\/index.php?rest_route=\/wp\/v2\/types\/post"}],"author":[{"embeddable":true,"href":"http:\/\/schregle.eu\/index.php?rest_route=\/wp\/v2\/users\/1"}],"replies":[{"embeddable":true,"href":"http:\/\/schregle.eu\/index.php?rest_route=%2Fwp%2Fv2%2Fcomments&post=989"}],"version-history":[{"count":1,"href":"http:\/\/schregle.eu\/index.php?rest_route=\/wp\/v2\/posts\/989\/revisions"}],"predecessor-version":[{"id":990,"href":"http:\/\/schregle.eu\/index.php?rest_route=\/wp\/v2\/posts\/989\/revisions\/990"}],"wp:attachment":[{"href":"http:\/\/schregle.eu\/index.php?rest_route=%2Fwp%2Fv2%2Fmedia&parent=989"}],"wp:term":[{"taxonomy":"category","embeddable":true,"href":"http:\/\/schregle.eu\/index.php?rest_route=%2Fwp%2Fv2%2Fcategories&post=989"},{"taxonomy":"post_tag","embeddable":true,"href":"http:\/\/schregle.eu\/index.php?rest_route=%2Fwp%2Fv2%2Ftags&post=989"}],"curies":[{"name":"wp","href":"https:\/\/api.w.org\/{rel}","templated":true}]}}