{"id":953,"date":"2014-11-25T11:59:55","date_gmt":"2014-11-25T10:59:55","guid":{"rendered":"http:\/\/schregle.eu\/?p=953"},"modified":"2014-11-25T12:05:05","modified_gmt":"2014-11-25T11:05:05","slug":"november-blues","status":"publish","type":"post","link":"http:\/\/schregle.eu\/?p=953","title":{"rendered":"November Blues"},"content":{"rendered":"<p style=\"text-align: justify;\">Ja &#8211; uns gibt es noch. Mann o Mann sind das graue Zeiten. Vorbei sind Sommer, Sonne, warme Temperaturen, Urlaub und Sommergef\u00fchle. Meine (Claus) Monatshighlights bestehen gerade mal darin, dass ich den Kunert Andi, Brobeil Uli und ein paar andere Aystetter Papas treffe, wenn ich Thomas zum Fu\u00dfballtraining bringe. Danke Euch Ihr Papas.<\/p>\n<p style=\"text-align: justify;\">Seit dem Sommer, sind nun schon einige Wochen ins Land gestrichen. Der Garten ist Winterfest, die Gartenbeleuchtung f\u00fcr die Weihnachtszeit ist installiert, der Rasenm\u00e4her eingemottet, Winterreifen montiert, die j\u00e4hrliche Herbsterk\u00e4ltung ist bei den meisten von uns 5 durch und die Weihnachtswunschzettel der Kinder ans Christkind sind verschickt.<br \/>\nDa habt Ihr in K\u00fcrze unseren aktuellen Status zu Lesen bekommen.<\/p>\n<p style=\"text-align: justify;\">Jetzt freuen wir uns alle auf viel Schnee, sch\u00f6ne besinnliche Adventstage, Christkindlesmarktbesuche und die vielen Geschenke die der Christkindelpostdienst unter den Weihnachtsbaum legt. OK &#8211; da ist zwar noch einige Zeit hin bis Weihnachten, aber Vorfreude ist ja bekanntlich die sch\u00f6nste von allen und kann also nicht lange genug sein.<\/p>\n<p style=\"text-align: justify;\">Soweit zur Theorie &#8211; mal sehen wie es tats\u00e4chlich kommt. Wir hoffen Euch geht es allen \u00e4hnlich (\u00e4tsch) &#8211; und Ihr erfreut Euch bester Gesundheit.<\/p>\n<p style=\"text-align: justify;\">Bis zum n\u00e4chsten Highlight.<\/p>\n","protected":false},"excerpt":{"rendered":"<p>Ja &#8211; uns gibt es noch. Mann o Mann sind das graue Zeiten. Vorbei sind Sommer, Sonne, warme Temperaturen, Urlaub und Sommergef\u00fchle. Meine (Claus) Monatshighlights bestehen gerade mal darin, dass ich den Kunert Andi, Brobeil Uli und ein paar andere Aystetter Papas treffe, wenn ich Thomas zum Fu\u00dfballtraining bringe. Danke Euch Ihr Papas. Seit dem &hellip; <a href=\"http:\/\/schregle.eu\/?p=953\" class=\"more-link\"><span class=\"screen-reader-text\">November Blues<\/span> weiterlesen <span class=\"meta-nav\">&rarr;<\/span><\/a><\/p>\n","protected":false},"author":1,"featured_media":0,"comment_status":"closed","ping_status":"closed","sticky":false,"template":"","format":"standard","meta":{"footnotes":""},"categories":[20],"tags":[],"class_list":["post-953","post","type-post","status-publish","format-standard","hentry","category-freizeit"],"_links":{"self":[{"href":"http:\/\/schregle.eu\/index.php?rest_route=\/wp\/v2\/posts\/953","targetHints":{"allow":["GET"]}}],"collection":[{"href":"http:\/\/schregle.eu\/index.php?rest_route=\/wp\/v2\/posts"}],"about":[{"href":"http:\/\/schregle.eu\/index.php?rest_route=\/wp\/v2\/types\/post"}],"author":[{"embeddable":true,"href":"http:\/\/schregle.eu\/index.php?rest_route=\/wp\/v2\/users\/1"}],"replies":[{"embeddable":true,"href":"http:\/\/schregle.eu\/index.php?rest_route=%2Fwp%2Fv2%2Fcomments&post=953"}],"version-history":[{"count":2,"href":"http:\/\/schregle.eu\/index.php?rest_route=\/wp\/v2\/posts\/953\/revisions"}],"predecessor-version":[{"id":957,"href":"http:\/\/schregle.eu\/index.php?rest_route=\/wp\/v2\/posts\/953\/revisions\/957"}],"wp:attachment":[{"href":"http:\/\/schregle.eu\/index.php?rest_route=%2Fwp%2Fv2%2Fmedia&parent=953"}],"wp:term":[{"taxonomy":"category","embeddable":true,"href":"http:\/\/schregle.eu\/index.php?rest_route=%2Fwp%2Fv2%2Fcategories&post=953"},{"taxonomy":"post_tag","embeddable":true,"href":"http:\/\/schregle.eu\/index.php?rest_route=%2Fwp%2Fv2%2Ftags&post=953"}],"curies":[{"name":"wp","href":"https:\/\/api.w.org\/{rel}","templated":true}]}}