{"id":928,"date":"2014-10-04T14:20:51","date_gmt":"2014-10-04T12:20:51","guid":{"rendered":"http:\/\/schregle.eu\/?p=928"},"modified":"2014-10-04T14:35:08","modified_gmt":"2014-10-04T12:35:08","slug":"nebel-des-grauens","status":"publish","type":"post","link":"http:\/\/schregle.eu\/?p=928","title":{"rendered":"Nebel des Grauens"},"content":{"rendered":"<p style=\"text-align: justify;\">Kaum h\u00e4lt der Herbst in unseren Breitengraden seinen Einzug, ist auch Er wieder da: &#8222;The fog &#8211; der Nebel des Grauens&#8220;.<br \/>\nLieber Leser, ich wei\u00df ja nicht wie Du mit dieser Wetterlage umgehst, aber ich finde, mal abgesehen von der ungerechten Verteilung in unserer Republik, man sollte sich dieser misslaunigen Wetterstimmung nicht zu lange aussetzen.<\/p>\n<p style=\"text-align: center;\"><a href=\"http:\/\/schregle.eu\/?attachment_id=931\" rel=\"attachment wp-att-931\"><img loading=\"lazy\" decoding=\"async\" class=\"alignnone size-thumbnail wp-image-931\" src=\"http:\/\/schregle.eu\/wp-content\/uploads\/2014\/10\/Herbst2014_01-108x120.jpg\" alt=\"Herbst2014_01\" width=\"108\" height=\"120\" srcset=\"http:\/\/schregle.eu\/wp-content\/uploads\/2014\/10\/Herbst2014_01-108x120.jpg 108w, http:\/\/schregle.eu\/wp-content\/uploads\/2014\/10\/Herbst2014_01-361x400.jpg 361w, http:\/\/schregle.eu\/wp-content\/uploads\/2014\/10\/Herbst2014_01.jpg 526w\" sizes=\"auto, (max-width: 108px) 100vw, 108px\" \/><\/a><\/p>\n<p style=\"text-align: justify;\">So sind wir dann letzte Woche diesem Grauen gleich zwei mal entflohen und tankten einmal im Allg\u00e4uer Voralpenland und das zweite mal bei einer Bergwanderung kr\u00e4ftig Sonne nach.<br \/>\nAm Sonntag den 28. September haben wir uns einfach ins Auto gesetzt, mit dem Vorsatz so lange zu fahren bis wir die Sonne am Himmel erblicken. Dazu mussten wir gar nicht so lange fahren, denn kurz hinter Landsberg strahlte uns die Sonne freundlich von einem blauen Himmel entgegen. Kurz hinter Rottenbuch machten wir dann im sogenannten Pfaffenwinkel Halt und liefen im wahrsten Sinne des Wortes &#8211; ins Blaue. Zuf\u00e4lliger Weise kreutzen wir schon nach kurzer Zeit den Pfaffenwinkler Milchweg. Dies ist ein 3,8 km langer Rundwanderweg, auf welchem die anliegenden Milchbauern auf mehreren Stationen Ihre Arbeit in der Landwirtschaft dem Wanderer n\u00e4her bringen wollen. Der Weg ist kurzweilig, sch\u00f6n und vor allem f\u00fcr Kinder auch leicht zu gehen. Jedenfalls konnten wir an diesem Tag den blauen Himmel besonders sch\u00f6n genie\u00dfen und dem Nebel zu Hause ein Schnippchen schlagen.<\/p>\n<p style=\"text-align: justify;\">Dies ist uns auch gestern, am 03. Oktober gelungen, als wir uns im gr\u00f6\u00dferen Familien- bzw. Freundeskreis auf den Weg nach Nesselwang gemacht haben.<br \/>\nUnser Ziel: Die Alpspitze. Ausgangspunkt war in Nesselwang die Talstation der Alpspitzbahn, welche um 10:00 Uhr auch noch von dem Grauen umzogen war, welchem wir entfliehen wollten. Die Route zum Gipfel f\u00fchrte uns \u00fcber den Wasserfallweg, vorbei an der Mittelstation \u00fcber einen, f\u00fcr meine Begriffe sehr steilen, nassen und anstrengenden Weg, da dieser von Wurzelgeflecht \u00fcberzogen und durch die N\u00e4sse ziemlich rutschig war. Aber wer A sagt muss dann auch B sagen und wir warteten mit Spannung auf den Moment, in welchem wir die Nebeldecke endlich durchsto\u00dfen w\u00fcrden und uns die Sonne vom Himmel lacht. Unsere Geduld wurde auf eine lange Probe gestellt, denn erst auf dem Abschnitt von der Mittelstation zum Gipfel brach die Sonne durch. Kurz darauf erreichten wir dann auch die Bergstation und f\u00fcllten die verbrauchten Kalorien vom Aufstieg wieder geh\u00f6rig auf. Belohnt wurden wir mit einem einzigartigen, sch\u00f6nen Ausblick auf die immer noch im Tal liegende Wolkendecke und dadurch, dass wir dem Himmel ein St\u00fcckchen n\u00e4her waren als an normalen Werktagen.<br \/>\nDer R\u00fcckweg f\u00fchrte uns \u00fcber die Kronenh\u00fctte, welche uns ebenfalls an diesem Tag als G\u00e4ste begr\u00fc\u00dfen durfte, \u00fcber einen steilen Weg ins Tal. Die Kinder und ein Teil der Gro\u00dfen, absolvierten den letzten Teil des R\u00fcckweges \u00fcber die Sommerrodelbahn.<br \/>\nDer Heimweg, na den brauche ich hier ja nicht zu beschreiben&#8230;<\/p>\n<p style=\"text-align: center;\"><em>Pfaffenwinkler Milchweg am 28. September 2014<\/em><\/p>\n<p style=\"text-align: center;\"><a href=\"http:\/\/schregle.eu\/?attachment_id=932\" rel=\"attachment wp-att-932\"><img loading=\"lazy\" decoding=\"async\" class=\"alignnone size-thumbnail wp-image-932\" src=\"http:\/\/schregle.eu\/wp-content\/uploads\/2014\/10\/Herbst2014_02-180x108.jpg\" alt=\"Herbst2014_02\" width=\"180\" height=\"108\" srcset=\"http:\/\/schregle.eu\/wp-content\/uploads\/2014\/10\/Herbst2014_02-180x108.jpg 180w, http:\/\/schregle.eu\/wp-content\/uploads\/2014\/10\/Herbst2014_02-600x360.jpg 600w, http:\/\/schregle.eu\/wp-content\/uploads\/2014\/10\/Herbst2014_02.jpg 1200w\" sizes=\"auto, (max-width: 180px) 100vw, 180px\" \/><\/a> <a href=\"http:\/\/schregle.eu\/?attachment_id=933\" rel=\"attachment wp-att-933\"><img loading=\"lazy\" decoding=\"async\" class=\"alignnone size-thumbnail wp-image-933\" src=\"http:\/\/schregle.eu\/wp-content\/uploads\/2014\/10\/Herbst2014_04-180x108.jpg\" alt=\"Herbst2014_04\" width=\"180\" height=\"108\" srcset=\"http:\/\/schregle.eu\/wp-content\/uploads\/2014\/10\/Herbst2014_04-180x108.jpg 180w, http:\/\/schregle.eu\/wp-content\/uploads\/2014\/10\/Herbst2014_04-600x360.jpg 600w, http:\/\/schregle.eu\/wp-content\/uploads\/2014\/10\/Herbst2014_04.jpg 1200w\" sizes=\"auto, (max-width: 180px) 100vw, 180px\" \/><\/a> <a href=\"http:\/\/schregle.eu\/?attachment_id=934\" rel=\"attachment wp-att-934\"><img loading=\"lazy\" decoding=\"async\" class=\"alignnone size-thumbnail wp-image-934\" src=\"http:\/\/schregle.eu\/wp-content\/uploads\/2014\/10\/Herbst2014_07-180x108.jpg\" alt=\"Herbst2014_07\" width=\"180\" height=\"108\" srcset=\"http:\/\/schregle.eu\/wp-content\/uploads\/2014\/10\/Herbst2014_07-180x108.jpg 180w, http:\/\/schregle.eu\/wp-content\/uploads\/2014\/10\/Herbst2014_07-600x360.jpg 600w, http:\/\/schregle.eu\/wp-content\/uploads\/2014\/10\/Herbst2014_07.jpg 1200w\" sizes=\"auto, (max-width: 180px) 100vw, 180px\" \/><\/a><\/p>\n<p style=\"text-align: center;\"><em>Bergwanderung am 03. Oktober 2014<\/em><\/p>\n<p style=\"text-align: center;\"><a href=\"http:\/\/schregle.eu\/?attachment_id=935\" rel=\"attachment wp-att-935\"><img loading=\"lazy\" decoding=\"async\" class=\"alignnone size-thumbnail wp-image-935\" src=\"http:\/\/schregle.eu\/wp-content\/uploads\/2014\/10\/Herbst2014_09-180x108.jpg\" alt=\"Herbst2014_09\" width=\"180\" height=\"108\" srcset=\"http:\/\/schregle.eu\/wp-content\/uploads\/2014\/10\/Herbst2014_09-180x108.jpg 180w, http:\/\/schregle.eu\/wp-content\/uploads\/2014\/10\/Herbst2014_09-600x360.jpg 600w, http:\/\/schregle.eu\/wp-content\/uploads\/2014\/10\/Herbst2014_09.jpg 1200w\" sizes=\"auto, (max-width: 180px) 100vw, 180px\" \/><\/a> <a href=\"http:\/\/schregle.eu\/?attachment_id=936\" rel=\"attachment wp-att-936\"><img loading=\"lazy\" decoding=\"async\" class=\"alignnone size-thumbnail wp-image-936\" src=\"http:\/\/schregle.eu\/wp-content\/uploads\/2014\/10\/Herbst2014_11-180x108.jpg\" alt=\"Herbst2014_11\" width=\"180\" height=\"108\" srcset=\"http:\/\/schregle.eu\/wp-content\/uploads\/2014\/10\/Herbst2014_11-180x108.jpg 180w, http:\/\/schregle.eu\/wp-content\/uploads\/2014\/10\/Herbst2014_11-600x360.jpg 600w, http:\/\/schregle.eu\/wp-content\/uploads\/2014\/10\/Herbst2014_11.jpg 1200w\" sizes=\"auto, (max-width: 180px) 100vw, 180px\" \/><\/a> <a href=\"http:\/\/schregle.eu\/?attachment_id=937\" rel=\"attachment wp-att-937\"><img loading=\"lazy\" decoding=\"async\" class=\"alignnone size-thumbnail wp-image-937\" src=\"http:\/\/schregle.eu\/wp-content\/uploads\/2014\/10\/Herbst2014_13-180x108.jpg\" alt=\"Herbst2014_13\" width=\"180\" height=\"108\" srcset=\"http:\/\/schregle.eu\/wp-content\/uploads\/2014\/10\/Herbst2014_13-180x108.jpg 180w, http:\/\/schregle.eu\/wp-content\/uploads\/2014\/10\/Herbst2014_13-600x360.jpg 600w, http:\/\/schregle.eu\/wp-content\/uploads\/2014\/10\/Herbst2014_13.jpg 1200w\" sizes=\"auto, (max-width: 180px) 100vw, 180px\" \/><\/a> <a href=\"http:\/\/schregle.eu\/?attachment_id=938\" rel=\"attachment wp-att-938\"><img loading=\"lazy\" decoding=\"async\" class=\"alignnone size-thumbnail wp-image-938\" src=\"http:\/\/schregle.eu\/wp-content\/uploads\/2014\/10\/Herbst2014_21-180x108.jpg\" alt=\"Herbst2014_21\" width=\"180\" height=\"108\" srcset=\"http:\/\/schregle.eu\/wp-content\/uploads\/2014\/10\/Herbst2014_21-180x108.jpg 180w, http:\/\/schregle.eu\/wp-content\/uploads\/2014\/10\/Herbst2014_21-600x360.jpg 600w, http:\/\/schregle.eu\/wp-content\/uploads\/2014\/10\/Herbst2014_21.jpg 1200w\" sizes=\"auto, (max-width: 180px) 100vw, 180px\" \/><\/a> <a href=\"http:\/\/schregle.eu\/?attachment_id=939\" rel=\"attachment wp-att-939\"><img loading=\"lazy\" decoding=\"async\" class=\"alignnone size-thumbnail wp-image-939\" src=\"http:\/\/schregle.eu\/wp-content\/uploads\/2014\/10\/Herbst2014_17-180x108.jpg\" alt=\"Herbst2014_17\" width=\"180\" height=\"108\" srcset=\"http:\/\/schregle.eu\/wp-content\/uploads\/2014\/10\/Herbst2014_17-180x108.jpg 180w, http:\/\/schregle.eu\/wp-content\/uploads\/2014\/10\/Herbst2014_17-600x360.jpg 600w, http:\/\/schregle.eu\/wp-content\/uploads\/2014\/10\/Herbst2014_17.jpg 1200w\" sizes=\"auto, (max-width: 180px) 100vw, 180px\" \/><\/a>\u00a0<a href=\"http:\/\/schregle.eu\/?attachment_id=940\" rel=\"attachment wp-att-940\"><img loading=\"lazy\" decoding=\"async\" class=\"alignnone size-thumbnail wp-image-940\" src=\"http:\/\/schregle.eu\/wp-content\/uploads\/2014\/10\/Herbst2014_18-180x108.jpg\" alt=\"Herbst2014_18\" width=\"180\" height=\"108\" srcset=\"http:\/\/schregle.eu\/wp-content\/uploads\/2014\/10\/Herbst2014_18-180x108.jpg 180w, http:\/\/schregle.eu\/wp-content\/uploads\/2014\/10\/Herbst2014_18-600x360.jpg 600w, http:\/\/schregle.eu\/wp-content\/uploads\/2014\/10\/Herbst2014_18.jpg 1200w\" sizes=\"auto, (max-width: 180px) 100vw, 180px\" \/><\/a> <a href=\"http:\/\/schregle.eu\/?attachment_id=941\" rel=\"attachment wp-att-941\"><img loading=\"lazy\" decoding=\"async\" class=\"alignnone size-thumbnail wp-image-941\" src=\"http:\/\/schregle.eu\/wp-content\/uploads\/2014\/10\/Herbst2014_25-180x108.jpg\" alt=\"Herbst2014_25\" width=\"180\" height=\"108\" srcset=\"http:\/\/schregle.eu\/wp-content\/uploads\/2014\/10\/Herbst2014_25-180x108.jpg 180w, http:\/\/schregle.eu\/wp-content\/uploads\/2014\/10\/Herbst2014_25-600x360.jpg 600w, http:\/\/schregle.eu\/wp-content\/uploads\/2014\/10\/Herbst2014_25.jpg 1200w\" sizes=\"auto, (max-width: 180px) 100vw, 180px\" \/><\/a> <a href=\"http:\/\/schregle.eu\/?attachment_id=942\" rel=\"attachment wp-att-942\"><img loading=\"lazy\" decoding=\"async\" class=\"alignnone size-thumbnail wp-image-942\" src=\"http:\/\/schregle.eu\/wp-content\/uploads\/2014\/10\/Herbst2014_23-180x108.jpg\" alt=\"Herbst2014_23\" width=\"180\" height=\"108\" srcset=\"http:\/\/schregle.eu\/wp-content\/uploads\/2014\/10\/Herbst2014_23-180x108.jpg 180w, http:\/\/schregle.eu\/wp-content\/uploads\/2014\/10\/Herbst2014_23-600x360.jpg 600w, http:\/\/schregle.eu\/wp-content\/uploads\/2014\/10\/Herbst2014_23.jpg 1200w\" sizes=\"auto, (max-width: 180px) 100vw, 180px\" \/><\/a> <a href=\"http:\/\/schregle.eu\/?attachment_id=943\" rel=\"attachment wp-att-943\"><img loading=\"lazy\" decoding=\"async\" class=\"alignnone size-thumbnail wp-image-943\" src=\"http:\/\/schregle.eu\/wp-content\/uploads\/2014\/10\/Herbst2014_28-180x108.jpg\" alt=\"Herbst2014_28\" width=\"180\" height=\"108\" srcset=\"http:\/\/schregle.eu\/wp-content\/uploads\/2014\/10\/Herbst2014_28-180x108.jpg 180w, http:\/\/schregle.eu\/wp-content\/uploads\/2014\/10\/Herbst2014_28-600x360.jpg 600w, http:\/\/schregle.eu\/wp-content\/uploads\/2014\/10\/Herbst2014_28.jpg 1200w\" sizes=\"auto, (max-width: 180px) 100vw, 180px\" \/><\/a> <a href=\"http:\/\/schregle.eu\/?attachment_id=944\" rel=\"attachment wp-att-944\"><img loading=\"lazy\" decoding=\"async\" class=\"alignnone size-thumbnail wp-image-944\" src=\"http:\/\/schregle.eu\/wp-content\/uploads\/2014\/10\/Herbst2014_27-180x108.jpg\" alt=\"Herbst2014_27\" width=\"180\" height=\"108\" srcset=\"http:\/\/schregle.eu\/wp-content\/uploads\/2014\/10\/Herbst2014_27-180x108.jpg 180w, http:\/\/schregle.eu\/wp-content\/uploads\/2014\/10\/Herbst2014_27-600x360.jpg 600w, http:\/\/schregle.eu\/wp-content\/uploads\/2014\/10\/Herbst2014_27.jpg 1200w\" sizes=\"auto, (max-width: 180px) 100vw, 180px\" \/><\/a><\/p>\n<p>&nbsp;<\/p>\n","protected":false},"excerpt":{"rendered":"<p>Kaum h\u00e4lt der Herbst in unseren Breitengraden seinen Einzug, ist auch Er wieder da: &#8222;The fog &#8211; der Nebel des Grauens&#8220;. Lieber Leser, ich wei\u00df ja nicht wie Du mit dieser Wetterlage umgehst, aber ich finde, mal abgesehen von der ungerechten Verteilung in unserer Republik, man sollte sich dieser misslaunigen Wetterstimmung nicht zu lange aussetzen. &hellip; <a href=\"http:\/\/schregle.eu\/?p=928\" class=\"more-link\"><span class=\"screen-reader-text\">Nebel des Grauens<\/span> weiterlesen <span class=\"meta-nav\">&rarr;<\/span><\/a><\/p>\n","protected":false},"author":1,"featured_media":0,"comment_status":"closed","ping_status":"closed","sticky":false,"template":"","format":"standard","meta":{"footnotes":""},"categories":[20],"tags":[],"class_list":["post-928","post","type-post","status-publish","format-standard","hentry","category-freizeit"],"_links":{"self":[{"href":"http:\/\/schregle.eu\/index.php?rest_route=\/wp\/v2\/posts\/928","targetHints":{"allow":["GET"]}}],"collection":[{"href":"http:\/\/schregle.eu\/index.php?rest_route=\/wp\/v2\/posts"}],"about":[{"href":"http:\/\/schregle.eu\/index.php?rest_route=\/wp\/v2\/types\/post"}],"author":[{"embeddable":true,"href":"http:\/\/schregle.eu\/index.php?rest_route=\/wp\/v2\/users\/1"}],"replies":[{"embeddable":true,"href":"http:\/\/schregle.eu\/index.php?rest_route=%2Fwp%2Fv2%2Fcomments&post=928"}],"version-history":[{"count":5,"href":"http:\/\/schregle.eu\/index.php?rest_route=\/wp\/v2\/posts\/928\/revisions"}],"predecessor-version":[{"id":948,"href":"http:\/\/schregle.eu\/index.php?rest_route=\/wp\/v2\/posts\/928\/revisions\/948"}],"wp:attachment":[{"href":"http:\/\/schregle.eu\/index.php?rest_route=%2Fwp%2Fv2%2Fmedia&parent=928"}],"wp:term":[{"taxonomy":"category","embeddable":true,"href":"http:\/\/schregle.eu\/index.php?rest_route=%2Fwp%2Fv2%2Fcategories&post=928"},{"taxonomy":"post_tag","embeddable":true,"href":"http:\/\/schregle.eu\/index.php?rest_route=%2Fwp%2Fv2%2Ftags&post=928"}],"curies":[{"name":"wp","href":"https:\/\/api.w.org\/{rel}","templated":true}]}}