{"id":645,"date":"2014-07-16T07:07:12","date_gmt":"2014-07-16T05:07:12","guid":{"rendered":"http:\/\/schregle.eu\/?p=645"},"modified":"2014-07-16T07:17:19","modified_gmt":"2014-07-16T05:17:19","slug":"sommermaerchen","status":"publish","type":"post","link":"http:\/\/schregle.eu\/?p=645","title":{"rendered":"Sommerm\u00e4rchen"},"content":{"rendered":"<p style=\"text-align: justify;\">Der Start in den Sommer, kalendarisch der 21. Juni beginnt bei uns auch immer mit dem Besuch der ersten Gastsch\u00fcler. Der Familienalltag schaltet auf den Gastmodus um und wir erleben mit unseren jungen G\u00e4sten manch heitere Geschichte.<br \/>\nDieses Jahr, startete fast gleichzeitig ein weiteres Highlight &#8211; Die Fu\u00dfballweltmeisterschaft in Brasilien. Als die ersten Gastsch\u00fcler aus Italien, Russland, Spanien und Schweiz bei uns eintrafen, waren diese Nationen schon raus bei der WM und wir hatten ein paar Fans mehr im Hause welche bei den Live\u00fcbertragungen f\u00fcr Deutschland jubelten. Es waren klasse und spannende Abende welche wir bei dieser WM zum ersten Mal vor der Gro\u00dfleinwand zu Hause auf der Terasse verbrachten. Obwohl so mancher Abend der Jahreszeit entsprechend w\u00e4rmer h\u00e4tte ausfallen d\u00fcrfen.\u00a0 Aber diese Erfahrung haben wohl mehrere von Euch gemacht und was soll ich sagen &#8211; <span style=\"font-family: comic sans ms,sans-serif; font-size: 14pt;\">Deutschland ist Weltmeister.<\/span><br \/>\nWas f\u00fcr Highlight in diesem Jahr. Fast m\u00f6chte man von Entw\u00f6hnung oder \u00fcber Wiedereingliederung in den Alltag reden wenn man an die kommenden Wochen ohne Fu\u00dfball denkt. Aber die Jahreszeit gibt viel an Freizeitgestaltung her und die Ferien bzw. der Urlaub sind in greifbarer N\u00e4he.<\/p>\n<p style=\"text-align: justify;\">So what &#8211; am 22. August beginnt wieder die Bundesliga.<\/p>\n<p style=\"text-align: justify;\">Sommerliche Gr\u00fc\u00dfe aus Aystetten.<\/p>\n<p><img loading=\"lazy\" decoding=\"async\" class=\"size-full wp-image-651 aligncenter\" src=\"http:\/\/schregle.eu\/wp-content\/uploads\/2014\/07\/WM_2014_Fan.jpg\" alt=\"-\" width=\"600\" height=\"400\" srcset=\"http:\/\/schregle.eu\/wp-content\/uploads\/2014\/07\/WM_2014_Fan.jpg 600w, http:\/\/schregle.eu\/wp-content\/uploads\/2014\/07\/WM_2014_Fan-180x120.jpg 180w, http:\/\/schregle.eu\/wp-content\/uploads\/2014\/07\/WM_2014_Fan-540x360.jpg 540w\" sizes=\"auto, (max-width: 600px) 100vw, 600px\" \/><\/p>\n<p>&nbsp;<\/p>\n","protected":false},"excerpt":{"rendered":"<p>Der Start in den Sommer, kalendarisch der 21. Juni beginnt bei uns auch immer mit dem Besuch der ersten Gastsch\u00fcler. Der Familienalltag schaltet auf den Gastmodus um und wir erleben mit unseren jungen G\u00e4sten manch heitere Geschichte. Dieses Jahr, startete fast gleichzeitig ein weiteres Highlight &#8211; Die Fu\u00dfballweltmeisterschaft in Brasilien. Als die ersten Gastsch\u00fcler aus &hellip; <a href=\"http:\/\/schregle.eu\/?p=645\" class=\"more-link\"><span class=\"screen-reader-text\">Sommerm\u00e4rchen<\/span> weiterlesen <span class=\"meta-nav\">&rarr;<\/span><\/a><\/p>\n","protected":false},"author":1,"featured_media":648,"comment_status":"closed","ping_status":"closed","sticky":false,"template":"","format":"standard","meta":{"footnotes":""},"categories":[6],"tags":[],"class_list":["post-645","post","type-post","status-publish","format-standard","has-post-thumbnail","hentry","category-die-familie"],"_links":{"self":[{"href":"http:\/\/schregle.eu\/index.php?rest_route=\/wp\/v2\/posts\/645","targetHints":{"allow":["GET"]}}],"collection":[{"href":"http:\/\/schregle.eu\/index.php?rest_route=\/wp\/v2\/posts"}],"about":[{"href":"http:\/\/schregle.eu\/index.php?rest_route=\/wp\/v2\/types\/post"}],"author":[{"embeddable":true,"href":"http:\/\/schregle.eu\/index.php?rest_route=\/wp\/v2\/users\/1"}],"replies":[{"embeddable":true,"href":"http:\/\/schregle.eu\/index.php?rest_route=%2Fwp%2Fv2%2Fcomments&post=645"}],"version-history":[{"count":5,"href":"http:\/\/schregle.eu\/index.php?rest_route=\/wp\/v2\/posts\/645\/revisions"}],"predecessor-version":[{"id":653,"href":"http:\/\/schregle.eu\/index.php?rest_route=\/wp\/v2\/posts\/645\/revisions\/653"}],"wp:featuredmedia":[{"embeddable":true,"href":"http:\/\/schregle.eu\/index.php?rest_route=\/wp\/v2\/media\/648"}],"wp:attachment":[{"href":"http:\/\/schregle.eu\/index.php?rest_route=%2Fwp%2Fv2%2Fmedia&parent=645"}],"wp:term":[{"taxonomy":"category","embeddable":true,"href":"http:\/\/schregle.eu\/index.php?rest_route=%2Fwp%2Fv2%2Fcategories&post=645"},{"taxonomy":"post_tag","embeddable":true,"href":"http:\/\/schregle.eu\/index.php?rest_route=%2Fwp%2Fv2%2Ftags&post=645"}],"curies":[{"name":"wp","href":"https:\/\/api.w.org\/{rel}","templated":true}]}}