{"id":438,"date":"2014-03-17T16:36:39","date_gmt":"2014-03-17T15:36:39","guid":{"rendered":"http:\/\/schregle.eu\/?p=438"},"modified":"2014-03-17T16:36:39","modified_gmt":"2014-03-17T15:36:39","slug":"ski-closing-in-kirchbichl-alpbachtal","status":"publish","type":"post","link":"http:\/\/schregle.eu\/?p=438","title":{"rendered":"Ski-Closing in Kirchbichl &#8211; Alpbachtal"},"content":{"rendered":"<p style=\"text-align: justify;\">Alles hat ein Ende, auch jede Skisaison. Doch wie hei\u00dft es so sch\u00f6n: Nach der Skisaison ist auch wiederum vor der Skisaison und wir k\u00f6nnten theoretisch schon die Vorfreude auf 2014\/2015 vorgl\u00fchen.<br \/>\nDoch alles der Reihe nach. Am Freitag den 14. M\u00e4rz 2014 hatten wir uns zum Ski-Closing mit den lieben Heinrichs auf ein Wochenende in Kirchbichl verabredet. Die Wetteraussichten f\u00fcr das Wochenende waren alles andere als vielversprechend und wir hatten aus diesem Grund auch einen Plan B und C im Gep\u00e4ck. Die Anfahrt am Freitag war noch mit bestem Wetter und Sonnenschein gesegnet und bei der Ankunft im Gasthof Schroll konnten wir uns, nach kurzem Einchecken, noch auf der Terasse des Gasthofes auf das Abendessen freuen.\u00a0 W\u00e4hrend am Abend dann im Sky-TV der FC-Augsburg gegen Schalke 04 unterging, besprachen wir mit Gipsy und Andreas den Tagesplan f\u00fcr Samstag mit dem Ergebnis: Die Saison wird im Alpbachtal beendet.<br \/>\nGl\u00fccklicherweise blieb uns der Wettergott auch am Samstag noch gut gesonnen und wir fuhren bei strahlendem Sonnenschein in der Gondel der Gipfelstation am 1900m hohen Hornboden entgegen. Oben angekommen l\u00f6ste sich unsere kleine Gruppe relativ schnell, in nach K\u00f6nnen geteilte Gruppen auf. Ein zentraler Treffpunkt war ausgemacht und so stand dem Spa\u00df im grellen Wei\u00df nichts mehr im Wege. Am Nachmittag frischte dann der Wind sp\u00fcrbar auf und keiner war b\u00f6se, dass es langsam an die Abfahrt ins Tal ging. An dieser Stelle sei der Wahrheit halber aber erw\u00e4hnt, dass sich nur Andreas, Johannes und Fabian mit den Skiern auf den Weg ins Tal machten. Der Rest fuhr mit der Gondel ab.<br \/>\nNoch ein kurzer Einkehrschwung in der Apreskibar und dann machten wir uns sichtlich erm\u00fcdet auf den Heimweg nach Kirchbichl.<\/p>\n<p style=\"text-align: justify;\">Da wir der Wetterentwicklung eher skeptisch gegen\u00fcber standen, beschlossen wir den Sonntag in der Wasserwelt W\u00f6rgl zu verbringen. So verlief \u00fcber, Wasserlooping, Whirlpools, Wellenbaden, Sauna und Reifenrutschen auch dieser Tag zu unserer vollsten Zufriedenheit, den wir dann mit einem obligatorischen McDonald`s Besuch beendeten.<\/p>\n<p style=\"text-align: justify;\">Auf der Heimfahrt kam dann sogar wieder die Sonne zum Vorschein. Alles in allem ein erlebnisreiches Wochenende mit guten Freunden und guten Gespr\u00e4chen. Einziger Wehrmutstropfen &#8211; Bei Johannes bahnte sich am Sonntag eine Fortsetzung seiner Erk\u00e4ltung an, welche dann heute am Montag in 39 Grad Fieber m\u00fcndete.<\/p>\n<p style=\"text-align: justify;\">Abschlie\u00dfend noch viele herzliche Gr\u00fc\u00dfe nach Langenau zu den 5 Heinrichs \ud83d\ude00<\/p>\n<p style=\"text-align: center;\"><a href=\"http:\/\/schregle.eu\/?attachment_id=446\" rel=\"attachment wp-att-446\"><img loading=\"lazy\" decoding=\"async\" class=\"alignnone size-thumbnail wp-image-446\" alt=\"Kirchbichl_2014_HP01\" src=\"http:\/\/schregle.eu\/wp-content\/uploads\/2014\/03\/Kirchbichl_2014_HP01-180x108.jpg\" width=\"180\" height=\"108\" srcset=\"http:\/\/schregle.eu\/wp-content\/uploads\/2014\/03\/Kirchbichl_2014_HP01-180x108.jpg 180w, http:\/\/schregle.eu\/wp-content\/uploads\/2014\/03\/Kirchbichl_2014_HP01-540x324.jpg 540w, http:\/\/schregle.eu\/wp-content\/uploads\/2014\/03\/Kirchbichl_2014_HP01.jpg 1200w\" sizes=\"auto, (max-width: 180px) 100vw, 180px\" \/><\/a> <a href=\"http:\/\/schregle.eu\/?attachment_id=447\" rel=\"attachment wp-att-447\"><img loading=\"lazy\" decoding=\"async\" class=\"alignnone size-thumbnail wp-image-447\" alt=\"Kirchbichl_2014_HP04\" src=\"http:\/\/schregle.eu\/wp-content\/uploads\/2014\/03\/Kirchbichl_2014_HP04-180x108.jpg\" width=\"180\" height=\"108\" srcset=\"http:\/\/schregle.eu\/wp-content\/uploads\/2014\/03\/Kirchbichl_2014_HP04-180x108.jpg 180w, http:\/\/schregle.eu\/wp-content\/uploads\/2014\/03\/Kirchbichl_2014_HP04-540x324.jpg 540w, http:\/\/schregle.eu\/wp-content\/uploads\/2014\/03\/Kirchbichl_2014_HP04.jpg 1200w\" sizes=\"auto, (max-width: 180px) 100vw, 180px\" \/><\/a> <a href=\"http:\/\/schregle.eu\/?attachment_id=448\" rel=\"attachment wp-att-448\"><img loading=\"lazy\" decoding=\"async\" class=\"alignnone size-thumbnail wp-image-448\" alt=\"Kirchbichl_2014_HP05\" src=\"http:\/\/schregle.eu\/wp-content\/uploads\/2014\/03\/Kirchbichl_2014_HP05-180x108.jpg\" width=\"180\" height=\"108\" srcset=\"http:\/\/schregle.eu\/wp-content\/uploads\/2014\/03\/Kirchbichl_2014_HP05-180x108.jpg 180w, http:\/\/schregle.eu\/wp-content\/uploads\/2014\/03\/Kirchbichl_2014_HP05-540x324.jpg 540w, http:\/\/schregle.eu\/wp-content\/uploads\/2014\/03\/Kirchbichl_2014_HP05.jpg 1200w\" sizes=\"auto, (max-width: 180px) 100vw, 180px\" \/><\/a> <a href=\"http:\/\/schregle.eu\/?attachment_id=449\" rel=\"attachment wp-att-449\"><img loading=\"lazy\" decoding=\"async\" class=\"alignnone size-thumbnail wp-image-449\" alt=\"Kirchbichl_2014_HP07\" src=\"http:\/\/schregle.eu\/wp-content\/uploads\/2014\/03\/Kirchbichl_2014_HP07-180x108.jpg\" width=\"180\" height=\"108\" srcset=\"http:\/\/schregle.eu\/wp-content\/uploads\/2014\/03\/Kirchbichl_2014_HP07-180x108.jpg 180w, http:\/\/schregle.eu\/wp-content\/uploads\/2014\/03\/Kirchbichl_2014_HP07-540x324.jpg 540w, http:\/\/schregle.eu\/wp-content\/uploads\/2014\/03\/Kirchbichl_2014_HP07.jpg 1200w\" sizes=\"auto, (max-width: 180px) 100vw, 180px\" \/><\/a> <a href=\"http:\/\/schregle.eu\/?attachment_id=450\" rel=\"attachment wp-att-450\"><img loading=\"lazy\" decoding=\"async\" class=\"alignnone size-thumbnail wp-image-450\" alt=\"Kirchbichl_2014_HP11\" src=\"http:\/\/schregle.eu\/wp-content\/uploads\/2014\/03\/Kirchbichl_2014_HP11-180x108.jpg\" width=\"180\" height=\"108\" srcset=\"http:\/\/schregle.eu\/wp-content\/uploads\/2014\/03\/Kirchbichl_2014_HP11-180x108.jpg 180w, http:\/\/schregle.eu\/wp-content\/uploads\/2014\/03\/Kirchbichl_2014_HP11-540x324.jpg 540w, http:\/\/schregle.eu\/wp-content\/uploads\/2014\/03\/Kirchbichl_2014_HP11.jpg 1200w\" sizes=\"auto, (max-width: 180px) 100vw, 180px\" \/><\/a> <a href=\"http:\/\/schregle.eu\/?attachment_id=451\" rel=\"attachment wp-att-451\"><img loading=\"lazy\" decoding=\"async\" class=\"alignnone size-thumbnail wp-image-451\" alt=\"Kirchbichl_2014_HP12\" src=\"http:\/\/schregle.eu\/wp-content\/uploads\/2014\/03\/Kirchbichl_2014_HP12-180x108.jpg\" width=\"180\" height=\"108\" srcset=\"http:\/\/schregle.eu\/wp-content\/uploads\/2014\/03\/Kirchbichl_2014_HP12-180x108.jpg 180w, http:\/\/schregle.eu\/wp-content\/uploads\/2014\/03\/Kirchbichl_2014_HP12-540x324.jpg 540w, http:\/\/schregle.eu\/wp-content\/uploads\/2014\/03\/Kirchbichl_2014_HP12.jpg 1200w\" sizes=\"auto, (max-width: 180px) 100vw, 180px\" \/><\/a> <a href=\"http:\/\/schregle.eu\/?attachment_id=452\" rel=\"attachment wp-att-452\"><img loading=\"lazy\" decoding=\"async\" class=\"alignnone size-thumbnail wp-image-452\" alt=\"Kirchbichl_2014_HP17\" src=\"http:\/\/schregle.eu\/wp-content\/uploads\/2014\/03\/Kirchbichl_2014_HP17-180x108.jpg\" width=\"180\" height=\"108\" srcset=\"http:\/\/schregle.eu\/wp-content\/uploads\/2014\/03\/Kirchbichl_2014_HP17-180x108.jpg 180w, http:\/\/schregle.eu\/wp-content\/uploads\/2014\/03\/Kirchbichl_2014_HP17-540x324.jpg 540w, http:\/\/schregle.eu\/wp-content\/uploads\/2014\/03\/Kirchbichl_2014_HP17.jpg 1200w\" sizes=\"auto, (max-width: 180px) 100vw, 180px\" \/><\/a> <a href=\"http:\/\/schregle.eu\/?attachment_id=453\" rel=\"attachment wp-att-453\"><img loading=\"lazy\" decoding=\"async\" class=\"alignnone size-thumbnail wp-image-453\" alt=\"Kirchbichl_2014_HP19\" src=\"http:\/\/schregle.eu\/wp-content\/uploads\/2014\/03\/Kirchbichl_2014_HP19-180x108.jpg\" width=\"180\" height=\"108\" srcset=\"http:\/\/schregle.eu\/wp-content\/uploads\/2014\/03\/Kirchbichl_2014_HP19-180x108.jpg 180w, http:\/\/schregle.eu\/wp-content\/uploads\/2014\/03\/Kirchbichl_2014_HP19-540x324.jpg 540w, http:\/\/schregle.eu\/wp-content\/uploads\/2014\/03\/Kirchbichl_2014_HP19.jpg 1200w\" sizes=\"auto, (max-width: 180px) 100vw, 180px\" \/><\/a> <a href=\"http:\/\/schregle.eu\/?attachment_id=454\" rel=\"attachment wp-att-454\"><img loading=\"lazy\" decoding=\"async\" class=\"alignnone size-thumbnail wp-image-454\" alt=\"Kirchbichl_2014_HP22\" src=\"http:\/\/schregle.eu\/wp-content\/uploads\/2014\/03\/Kirchbichl_2014_HP22-180x108.jpg\" width=\"180\" height=\"108\" srcset=\"http:\/\/schregle.eu\/wp-content\/uploads\/2014\/03\/Kirchbichl_2014_HP22-180x108.jpg 180w, http:\/\/schregle.eu\/wp-content\/uploads\/2014\/03\/Kirchbichl_2014_HP22-540x324.jpg 540w, http:\/\/schregle.eu\/wp-content\/uploads\/2014\/03\/Kirchbichl_2014_HP22.jpg 1200w\" sizes=\"auto, (max-width: 180px) 100vw, 180px\" \/><\/a> <a href=\"http:\/\/schregle.eu\/?attachment_id=455\" rel=\"attachment wp-att-455\"><img loading=\"lazy\" decoding=\"async\" class=\"alignnone size-thumbnail wp-image-455\" alt=\"Kirchbichl_2014_HP26\" src=\"http:\/\/schregle.eu\/wp-content\/uploads\/2014\/03\/Kirchbichl_2014_HP26-180x108.jpg\" width=\"180\" height=\"108\" srcset=\"http:\/\/schregle.eu\/wp-content\/uploads\/2014\/03\/Kirchbichl_2014_HP26-180x108.jpg 180w, http:\/\/schregle.eu\/wp-content\/uploads\/2014\/03\/Kirchbichl_2014_HP26-540x324.jpg 540w, http:\/\/schregle.eu\/wp-content\/uploads\/2014\/03\/Kirchbichl_2014_HP26.jpg 1200w\" sizes=\"auto, (max-width: 180px) 100vw, 180px\" \/><\/a> <a href=\"http:\/\/schregle.eu\/?attachment_id=456\" rel=\"attachment wp-att-456\"><img loading=\"lazy\" decoding=\"async\" class=\"alignnone size-thumbnail wp-image-456\" alt=\"Kirchbichl_2014_HP27\" src=\"http:\/\/schregle.eu\/wp-content\/uploads\/2014\/03\/Kirchbichl_2014_HP27-180x108.jpg\" width=\"180\" height=\"108\" srcset=\"http:\/\/schregle.eu\/wp-content\/uploads\/2014\/03\/Kirchbichl_2014_HP27-180x108.jpg 180w, http:\/\/schregle.eu\/wp-content\/uploads\/2014\/03\/Kirchbichl_2014_HP27-540x324.jpg 540w, http:\/\/schregle.eu\/wp-content\/uploads\/2014\/03\/Kirchbichl_2014_HP27.jpg 1200w\" sizes=\"auto, (max-width: 180px) 100vw, 180px\" \/><\/a> <a href=\"http:\/\/schregle.eu\/?attachment_id=457\" rel=\"attachment wp-att-457\"><img loading=\"lazy\" decoding=\"async\" class=\"alignnone size-thumbnail wp-image-457\" alt=\"Kirchbichl_2014_HP28\" src=\"http:\/\/schregle.eu\/wp-content\/uploads\/2014\/03\/Kirchbichl_2014_HP28-180x108.jpg\" width=\"180\" height=\"108\" srcset=\"http:\/\/schregle.eu\/wp-content\/uploads\/2014\/03\/Kirchbichl_2014_HP28-180x108.jpg 180w, http:\/\/schregle.eu\/wp-content\/uploads\/2014\/03\/Kirchbichl_2014_HP28-540x324.jpg 540w, http:\/\/schregle.eu\/wp-content\/uploads\/2014\/03\/Kirchbichl_2014_HP28.jpg 1200w\" sizes=\"auto, (max-width: 180px) 100vw, 180px\" \/><\/a><\/p>\n","protected":false},"excerpt":{"rendered":"<p>Alles hat ein Ende, auch jede Skisaison. Doch wie hei\u00dft es so sch\u00f6n: Nach der Skisaison ist auch wiederum vor der Skisaison und wir k\u00f6nnten theoretisch schon die Vorfreude auf 2014\/2015 vorgl\u00fchen. Doch alles der Reihe nach. Am Freitag den 14. M\u00e4rz 2014 hatten wir uns zum Ski-Closing mit den lieben Heinrichs auf ein Wochenende &hellip; <a href=\"http:\/\/schregle.eu\/?p=438\" class=\"more-link\"><span class=\"screen-reader-text\">Ski-Closing in Kirchbichl &#8211; Alpbachtal<\/span> weiterlesen <span class=\"meta-nav\">&rarr;<\/span><\/a><\/p>\n","protected":false},"author":1,"featured_media":0,"comment_status":"closed","ping_status":"closed","sticky":false,"template":"","format":"standard","meta":{"footnotes":""},"categories":[20],"tags":[],"class_list":["post-438","post","type-post","status-publish","format-standard","hentry","category-freizeit"],"_links":{"self":[{"href":"http:\/\/schregle.eu\/index.php?rest_route=\/wp\/v2\/posts\/438","targetHints":{"allow":["GET"]}}],"collection":[{"href":"http:\/\/schregle.eu\/index.php?rest_route=\/wp\/v2\/posts"}],"about":[{"href":"http:\/\/schregle.eu\/index.php?rest_route=\/wp\/v2\/types\/post"}],"author":[{"embeddable":true,"href":"http:\/\/schregle.eu\/index.php?rest_route=\/wp\/v2\/users\/1"}],"replies":[{"embeddable":true,"href":"http:\/\/schregle.eu\/index.php?rest_route=%2Fwp%2Fv2%2Fcomments&post=438"}],"version-history":[{"count":9,"href":"http:\/\/schregle.eu\/index.php?rest_route=\/wp\/v2\/posts\/438\/revisions"}],"predecessor-version":[{"id":459,"href":"http:\/\/schregle.eu\/index.php?rest_route=\/wp\/v2\/posts\/438\/revisions\/459"}],"wp:attachment":[{"href":"http:\/\/schregle.eu\/index.php?rest_route=%2Fwp%2Fv2%2Fmedia&parent=438"}],"wp:term":[{"taxonomy":"category","embeddable":true,"href":"http:\/\/schregle.eu\/index.php?rest_route=%2Fwp%2Fv2%2Fcategories&post=438"},{"taxonomy":"post_tag","embeddable":true,"href":"http:\/\/schregle.eu\/index.php?rest_route=%2Fwp%2Fv2%2Ftags&post=438"}],"curies":[{"name":"wp","href":"https:\/\/api.w.org\/{rel}","templated":true}]}}