{"id":435,"date":"2014-03-10T15:33:30","date_gmt":"2014-03-10T14:33:30","guid":{"rendered":"http:\/\/schregle.eu\/?p=435"},"modified":"2014-03-10T15:34:10","modified_gmt":"2014-03-10T14:34:10","slug":"ein-sonntag-wie-im-bilderbuch","status":"publish","type":"post","link":"http:\/\/schregle.eu\/?p=435","title":{"rendered":"Ein Sonntag wie im Bilderbuch"},"content":{"rendered":"<p style=\"text-align: justify;\">Kann sich noch jemand an den 05. M\u00e4rz 2006 erinnern? Damals fielen \u00fcber Nacht fast ein halber Meter Neuschnee. Die Vorfreude auf den angehenden Fr\u00fchling, verschwand damals unter den glitzernden Schneekristallen und verwandelte unseren Ort in eine m\u00e4rchenhafte Winterlandschaft.<\/p>\n<p style=\"text-align: justify;\">Was f\u00fcr ein Kontrast zum vergangenen Wochenende. Wir nutzten auch prompt das herrliche Wetter am Sonntag f\u00fcr den ersten Fahrradausflug in diesem Jahr.<\/p>\n<p style=\"text-align: justify;\">Im Vorfeld wurden die Fahrr\u00e4der auf Vordermann gebracht. Schmutz entfernen, Luftdruck in den Reifen nachf\u00fcllen, Ketten schmieren sowie ein kurzer Test der wichtigsten Funktionen wie Bremsen und Licht. Jeder war emsig dabei. Das Ziel wurde bereits beim Fr\u00fchst\u00fcck festgelegt: Der Peterhof, &#8211; liegt ca. 10km n\u00f6rdlich von Aystetten und ist \u00fcber herrliche Wald- und Fahrradwege zu erreichen.<br \/>\nDort angekommen wurde die erste Etappe mit Schnitzel, Pommes und einem Cappuccino belohnt. Das Sonnenbaden im mittlerweile gut gef\u00fcllten Biergarten, wollte kein Ende nehmen. Jedoch wurde es irgendwann Zeit, sich Gedanken \u00fcber die Gestaltung des R\u00fcckweges zu machen.<br \/>\nZugegeben es war schon eine Berg- und Talfahrt auf dem Herweg und keiner hatte so richtig Lust auf eine Wiederholung derselben. Also wurde beschlossen vom Peterhof aus in Richtung Schmuttertal zu fahren, um in einem gr\u00f6\u00dferen Bogen noch die Eisdiele in Neus\u00e4\u00df anzusteuern. Diese flachere, jedoch l\u00e4ngere Alternative des R\u00fcckweges f\u00fchrte uns zudem \u00fcber wundersch\u00f6ne Radwege, welche wir trotz der r\u00e4umlichen N\u00e4he zu unserem Heimatort noch nicht gekannt hatten.<br \/>\nAn der Eisdiele durfte sich dann jeder zwei Boll\u00e0 holl\u00e0. Leider waren die Sitzpl\u00e4tze an der Eisdiele an diesem wundersch\u00f6nen Tag alle voll belegt, was den m\u00fcden Beinen gar nicht gefiel und wir machten uns relativ rasch auf den restlichen Heimweg nach Aystetten.<\/p>\n<p style=\"text-align: justify;\">Da die Gartenm\u00f6bel schon am Vortag aus dem Winterschlaf reaktiviert wurden, konnten wir die restlichen Sonnenstrahlen dieses Bilderbuchtages dann noch auf unserem Balkon genie\u00dfen. \u2013 Was f\u00fcr ein sch\u00f6ner Tag.<\/p>\n<p style=\"text-align: center;\"><a href=\"http:\/\/schregle.eu\/?attachment_id=433\" rel=\"attachment wp-att-433\"><img loading=\"lazy\" decoding=\"async\" class=\"alignnone size-thumbnail wp-image-433\" alt=\"Radtour_M\u00e4rz2014_01\" src=\"http:\/\/schregle.eu\/wp-content\/uploads\/2014\/03\/Radtour_M\u00e4rz2014_01-180x101.jpg\" width=\"180\" height=\"101\" srcset=\"http:\/\/schregle.eu\/wp-content\/uploads\/2014\/03\/Radtour_M\u00e4rz2014_01-180x101.jpg 180w, http:\/\/schregle.eu\/wp-content\/uploads\/2014\/03\/Radtour_M\u00e4rz2014_01-540x303.jpg 540w, http:\/\/schregle.eu\/wp-content\/uploads\/2014\/03\/Radtour_M\u00e4rz2014_01.jpg 800w\" sizes=\"auto, (max-width: 180px) 100vw, 180px\" \/><\/a> <a href=\"http:\/\/schregle.eu\/?attachment_id=434\" rel=\"attachment wp-att-434\"><img loading=\"lazy\" decoding=\"async\" class=\"alignnone size-thumbnail wp-image-434\" alt=\"Radtour_M\u00e4rz2014_02\" src=\"http:\/\/schregle.eu\/wp-content\/uploads\/2014\/03\/Radtour_M\u00e4rz2014_02-180x101.jpg\" width=\"180\" height=\"101\" srcset=\"http:\/\/schregle.eu\/wp-content\/uploads\/2014\/03\/Radtour_M\u00e4rz2014_02-180x101.jpg 180w, http:\/\/schregle.eu\/wp-content\/uploads\/2014\/03\/Radtour_M\u00e4rz2014_02-540x303.jpg 540w, http:\/\/schregle.eu\/wp-content\/uploads\/2014\/03\/Radtour_M\u00e4rz2014_02.jpg 800w\" sizes=\"auto, (max-width: 180px) 100vw, 180px\" \/><\/a><\/p>\n<p style=\"text-align: center;\"><span style=\"font-size: small;\"><em>Bilder: An der Keltenschanze am 09. M\u00e4rz 2014<\/em><\/span><\/p>\n","protected":false},"excerpt":{"rendered":"<p>Kann sich noch jemand an den 05. M\u00e4rz 2006 erinnern? Damals fielen \u00fcber Nacht fast ein halber Meter Neuschnee. Die Vorfreude auf den angehenden Fr\u00fchling, verschwand damals unter den glitzernden Schneekristallen und verwandelte unseren Ort in eine m\u00e4rchenhafte Winterlandschaft. Was f\u00fcr ein Kontrast zum vergangenen Wochenende. Wir nutzten auch prompt das herrliche Wetter am Sonntag &hellip; <a href=\"http:\/\/schregle.eu\/?p=435\" class=\"more-link\"><span class=\"screen-reader-text\">Ein Sonntag wie im Bilderbuch<\/span> weiterlesen <span class=\"meta-nav\">&rarr;<\/span><\/a><\/p>\n","protected":false},"author":1,"featured_media":0,"comment_status":"closed","ping_status":"closed","sticky":false,"template":"","format":"standard","meta":{"footnotes":""},"categories":[20],"tags":[],"class_list":["post-435","post","type-post","status-publish","format-standard","hentry","category-freizeit"],"_links":{"self":[{"href":"http:\/\/schregle.eu\/index.php?rest_route=\/wp\/v2\/posts\/435","targetHints":{"allow":["GET"]}}],"collection":[{"href":"http:\/\/schregle.eu\/index.php?rest_route=\/wp\/v2\/posts"}],"about":[{"href":"http:\/\/schregle.eu\/index.php?rest_route=\/wp\/v2\/types\/post"}],"author":[{"embeddable":true,"href":"http:\/\/schregle.eu\/index.php?rest_route=\/wp\/v2\/users\/1"}],"replies":[{"embeddable":true,"href":"http:\/\/schregle.eu\/index.php?rest_route=%2Fwp%2Fv2%2Fcomments&post=435"}],"version-history":[{"count":1,"href":"http:\/\/schregle.eu\/index.php?rest_route=\/wp\/v2\/posts\/435\/revisions"}],"predecessor-version":[{"id":436,"href":"http:\/\/schregle.eu\/index.php?rest_route=\/wp\/v2\/posts\/435\/revisions\/436"}],"wp:attachment":[{"href":"http:\/\/schregle.eu\/index.php?rest_route=%2Fwp%2Fv2%2Fmedia&parent=435"}],"wp:term":[{"taxonomy":"category","embeddable":true,"href":"http:\/\/schregle.eu\/index.php?rest_route=%2Fwp%2Fv2%2Fcategories&post=435"},{"taxonomy":"post_tag","embeddable":true,"href":"http:\/\/schregle.eu\/index.php?rest_route=%2Fwp%2Fv2%2Ftags&post=435"}],"curies":[{"name":"wp","href":"https:\/\/api.w.org\/{rel}","templated":true}]}}