{"id":268,"date":"2014-02-10T13:47:17","date_gmt":"2014-02-10T12:47:17","guid":{"rendered":"http:\/\/schregle.eu\/?p=268"},"modified":"2014-02-18T14:17:37","modified_gmt":"2014-02-18T13:17:37","slug":"skikurs-2014-tag-5","status":"publish","type":"post","link":"http:\/\/schregle.eu\/?p=268","title":{"rendered":"Skikurs 2014 &#8211; Tag 5"},"content":{"rendered":"<p style=\"text-align: justify;\">Da freust du dich wochenlang auf 5 besondere Tage im Jahr und schwupp &#8211; da waren sie auch schon wieder vorbei.<\/p>\n<p style=\"text-align: justify;\">Samstag, 8. Februar 2014 &#8211; heute war der letzte von 5 Skikurstagen der Aystetter Skischule. Obligatorisch war das Abschlussrennen am Nachmittag mit der Ehrung aller Teilnehmer.<\/p>\n<p style=\"text-align: justify;\">Um halb f\u00fcnf, quasi noch mitten in der Nacht, hat Gisela das Haus in Richtung Ischgl verlassen und zwar mit der festen Absicht, nicht vor Dienstag zur\u00fcckzukommen. Na dann mal viel Spa\u00df, gute Laune und immer ne handbreit Schnee unter den Kufen.<br \/>\nUm sieben Uhr machte sich dann der Rest der Familie auf den vertrauten Weg ins Tannheimer Tal. Magdalena war schon im Vorfeld sehr aufgeregt wegen des heutigen Abschlussrennens, die beiden Jungs lie\u00dfen sich davon zumindest nichts anmerken.<br \/>\nAlles war bestens an diesem Tag, das Wetter, die Stimmung, die Menschen und vor allem auch die Organisation der Skischule. Als allein reisender Vater musste ich mir um den Verbleib meiner Kinder keine Sorgen machen und konnte den Tag rundum genie\u00dfen.<br \/>\nAm Nachmittag war es dann endlich soweit und Schluss mit Lustig. Nach der Mittagspause, &#8211; den Spendern der Brotzeit sei nochmals herzlich gedankt, machten sich gegen 13:30 Uhr ein Tross von Rennfahrern auf dem Weg zum Start. Zun\u00e4chst gingen die ganz Kleinen auf die Strecke und machten Ihre Sache richtig gut. Danach folgten die n\u00e4chst h\u00f6her gruppierten Skikursteilnehmer, bis dann am Schluss die Papas und Mamas im Gastrennen alles aufboten um die ersten R\u00e4nge zu ergattern. Es war ein Genuss, vor allem f\u00fcr mich, der ich ganz entspannt am Pistenrand auf spektakul\u00e4re Bilder hoffte. Ja, das hei\u00dft nein &#8211; ich bin nicht mitgefahren &#8211; blink, blink.<\/p>\n<p style=\"text-align: justify;\">Und hier die Familienwertung. Magda machte sich im Vorfeld wie gesagt die gr\u00f6\u00dften Sorgen, ist daf\u00fcr aber in der Gruppe der\u00a0 Pistenm\u00e4use mit einer Zeit von 37,0 sec glatt auf Platz 1 gerast. In der gleichen Gruppe belegte Thomas immerhin Platz 4, mit einer Zeit von 43,0 sec. Johannes erreichte in der Gruppe der Slalomtiger Platz 3, mit einer Zeit von 27,3 sec.<br \/>\nDas Ergebnis ging aus Sicht von Magdalena komplett in Ordnung. Nur bei den Jungs lies der gekr\u00e4nkte Ehrgeiz keine richtige Freude aufkommen.<\/p>\n<p style=\"text-align: justify;\">However &#8211; Der Tag war voller Erlebnisse und sch\u00f6nen Eindr\u00fccken. Ein paar davon konnte ich auf Bildern festhalten.<\/p>\n<p style=\"text-align: justify;\">Dem Team der Aystetter Skischule, m\u00f6chte ich an dieser Stelle recht herzlich Danke sagen. Ihr habt das professionell und mit viel Engagement f\u00fcr die Kinder gemacht.<\/p>\n<p style=\"text-align: justify;\"><span style=\"color: #993300;\"><em>Tiger<\/em><\/span><\/p>\n<p style=\"text-align: center;\">\u00a0<a href=\"http:\/\/schregle.eu\/?attachment_id=259\" rel=\"attachment wp-att-259\"><img loading=\"lazy\" decoding=\"async\" class=\"alignnone size-thumbnail wp-image-259\" alt=\"Skikurs 2014 - 8. Februar im Tannheimer Tal\" src=\"http:\/\/schregle.eu\/wp-content\/uploads\/2014\/02\/Skikurs-8.-Feb.-2014_07-225x150.jpg\" width=\"225\" height=\"150\" srcset=\"http:\/\/schregle.eu\/wp-content\/uploads\/2014\/02\/Skikurs-8.-Feb.-2014_07-225x150.jpg 225w, http:\/\/schregle.eu\/wp-content\/uploads\/2014\/02\/Skikurs-8.-Feb.-2014_07-450x300.jpg 450w, http:\/\/schregle.eu\/wp-content\/uploads\/2014\/02\/Skikurs-8.-Feb.-2014_07-1024x682.jpg 1024w, http:\/\/schregle.eu\/wp-content\/uploads\/2014\/02\/Skikurs-8.-Feb.-2014_07.jpg 1200w\" sizes=\"auto, (max-width: 225px) 100vw, 225px\" \/><\/a> <a href=\"http:\/\/schregle.eu\/?attachment_id=258\" rel=\"attachment wp-att-258\"><img loading=\"lazy\" decoding=\"async\" class=\"alignnone size-thumbnail wp-image-258\" alt=\"Skikurs 2014 - 8. Februar im Tannheimer Tal\" src=\"http:\/\/schregle.eu\/wp-content\/uploads\/2014\/02\/Skikurs-8.-Feb.-2014_06-225x150.jpg\" width=\"225\" height=\"150\" srcset=\"http:\/\/schregle.eu\/wp-content\/uploads\/2014\/02\/Skikurs-8.-Feb.-2014_06-225x150.jpg 225w, http:\/\/schregle.eu\/wp-content\/uploads\/2014\/02\/Skikurs-8.-Feb.-2014_06-450x300.jpg 450w, http:\/\/schregle.eu\/wp-content\/uploads\/2014\/02\/Skikurs-8.-Feb.-2014_06-1024x682.jpg 1024w, http:\/\/schregle.eu\/wp-content\/uploads\/2014\/02\/Skikurs-8.-Feb.-2014_06.jpg 1200w\" sizes=\"auto, (max-width: 225px) 100vw, 225px\" \/><\/a> <a href=\"http:\/\/schregle.eu\/?attachment_id=256\" rel=\"attachment wp-att-256\"><img loading=\"lazy\" decoding=\"async\" class=\"alignnone size-thumbnail wp-image-256\" alt=\"Skikurs 2014 - 8. Februar im Tannheimer Tal\" src=\"http:\/\/schregle.eu\/wp-content\/uploads\/2014\/02\/Skikurs-8.-Feb.-2014_04-225x150.jpg\" width=\"225\" height=\"150\" srcset=\"http:\/\/schregle.eu\/wp-content\/uploads\/2014\/02\/Skikurs-8.-Feb.-2014_04-225x150.jpg 225w, http:\/\/schregle.eu\/wp-content\/uploads\/2014\/02\/Skikurs-8.-Feb.-2014_04-450x300.jpg 450w, http:\/\/schregle.eu\/wp-content\/uploads\/2014\/02\/Skikurs-8.-Feb.-2014_04-1024x682.jpg 1024w, http:\/\/schregle.eu\/wp-content\/uploads\/2014\/02\/Skikurs-8.-Feb.-2014_04.jpg 1200w\" sizes=\"auto, (max-width: 225px) 100vw, 225px\" \/><\/a> <a href=\"http:\/\/schregle.eu\/?attachment_id=255\" rel=\"attachment wp-att-255\"><img loading=\"lazy\" decoding=\"async\" class=\"alignnone size-thumbnail wp-image-255\" alt=\"Skikurs 2014 - 8. Februar im Tannheimer Tal\" src=\"http:\/\/schregle.eu\/wp-content\/uploads\/2014\/02\/Skikurs-8.-Feb.-2014_03-225x150.jpg\" width=\"225\" height=\"150\" srcset=\"http:\/\/schregle.eu\/wp-content\/uploads\/2014\/02\/Skikurs-8.-Feb.-2014_03-225x150.jpg 225w, http:\/\/schregle.eu\/wp-content\/uploads\/2014\/02\/Skikurs-8.-Feb.-2014_03-450x300.jpg 450w, http:\/\/schregle.eu\/wp-content\/uploads\/2014\/02\/Skikurs-8.-Feb.-2014_03-1024x682.jpg 1024w, http:\/\/schregle.eu\/wp-content\/uploads\/2014\/02\/Skikurs-8.-Feb.-2014_03.jpg 1200w\" sizes=\"auto, (max-width: 225px) 100vw, 225px\" \/><\/a> <a href=\"http:\/\/schregle.eu\/?attachment_id=254\" rel=\"attachment wp-att-254\"><img loading=\"lazy\" decoding=\"async\" class=\"alignnone size-thumbnail wp-image-254\" alt=\"Skikurs 2014 - 8. Februar im Tannheimer Tal\" src=\"http:\/\/schregle.eu\/wp-content\/uploads\/2014\/02\/Skikurs-8.-Feb.-2014_02-225x150.jpg\" width=\"225\" height=\"150\" srcset=\"http:\/\/schregle.eu\/wp-content\/uploads\/2014\/02\/Skikurs-8.-Feb.-2014_02-225x150.jpg 225w, http:\/\/schregle.eu\/wp-content\/uploads\/2014\/02\/Skikurs-8.-Feb.-2014_02-450x300.jpg 450w, http:\/\/schregle.eu\/wp-content\/uploads\/2014\/02\/Skikurs-8.-Feb.-2014_02-1024x682.jpg 1024w, http:\/\/schregle.eu\/wp-content\/uploads\/2014\/02\/Skikurs-8.-Feb.-2014_02.jpg 1200w\" sizes=\"auto, (max-width: 225px) 100vw, 225px\" \/><\/a> <a href=\"http:\/\/schregle.eu\/?attachment_id=253\" rel=\"attachment wp-att-253\"><img loading=\"lazy\" decoding=\"async\" class=\"alignnone size-thumbnail wp-image-253\" alt=\"Skikurs 2014 - 8. Februar im Tannheimer Tal\" src=\"http:\/\/schregle.eu\/wp-content\/uploads\/2014\/02\/Skikurs-8.-Feb.-2014_01-225x150.jpg\" width=\"225\" height=\"150\" srcset=\"http:\/\/schregle.eu\/wp-content\/uploads\/2014\/02\/Skikurs-8.-Feb.-2014_01-225x150.jpg 225w, http:\/\/schregle.eu\/wp-content\/uploads\/2014\/02\/Skikurs-8.-Feb.-2014_01-450x300.jpg 450w, http:\/\/schregle.eu\/wp-content\/uploads\/2014\/02\/Skikurs-8.-Feb.-2014_01-1024x682.jpg 1024w, http:\/\/schregle.eu\/wp-content\/uploads\/2014\/02\/Skikurs-8.-Feb.-2014_01.jpg 1200w\" sizes=\"auto, (max-width: 225px) 100vw, 225px\" \/><\/a> <a href=\"http:\/\/schregle.eu\/?attachment_id=261\" rel=\"attachment wp-att-261\"><img loading=\"lazy\" decoding=\"async\" class=\"alignnone size-thumbnail wp-image-261\" alt=\"Skikurs 2014 - 8. Februar im Tannheimer Tal\" src=\"http:\/\/schregle.eu\/wp-content\/uploads\/2014\/02\/Skikurs-8.-Feb.-2014_09-225x150.jpg\" width=\"225\" height=\"150\" srcset=\"http:\/\/schregle.eu\/wp-content\/uploads\/2014\/02\/Skikurs-8.-Feb.-2014_09-225x150.jpg 225w, http:\/\/schregle.eu\/wp-content\/uploads\/2014\/02\/Skikurs-8.-Feb.-2014_09-450x300.jpg 450w, http:\/\/schregle.eu\/wp-content\/uploads\/2014\/02\/Skikurs-8.-Feb.-2014_09-1024x682.jpg 1024w, http:\/\/schregle.eu\/wp-content\/uploads\/2014\/02\/Skikurs-8.-Feb.-2014_09.jpg 1200w\" sizes=\"auto, (max-width: 225px) 100vw, 225px\" \/><\/a> <a href=\"http:\/\/schregle.eu\/?attachment_id=262\" rel=\"attachment wp-att-262\"><img loading=\"lazy\" decoding=\"async\" class=\"alignnone size-thumbnail wp-image-262\" alt=\"Skikurs 2014 - 8. Februar im Tannheimer Tal\" src=\"http:\/\/schregle.eu\/wp-content\/uploads\/2014\/02\/Skikurs-8.-Feb.-2014_10-225x150.jpg\" width=\"225\" height=\"150\" srcset=\"http:\/\/schregle.eu\/wp-content\/uploads\/2014\/02\/Skikurs-8.-Feb.-2014_10-225x150.jpg 225w, http:\/\/schregle.eu\/wp-content\/uploads\/2014\/02\/Skikurs-8.-Feb.-2014_10-450x300.jpg 450w, http:\/\/schregle.eu\/wp-content\/uploads\/2014\/02\/Skikurs-8.-Feb.-2014_10-1024x682.jpg 1024w, http:\/\/schregle.eu\/wp-content\/uploads\/2014\/02\/Skikurs-8.-Feb.-2014_10.jpg 1200w\" sizes=\"auto, (max-width: 225px) 100vw, 225px\" \/><\/a> <a href=\"http:\/\/schregle.eu\/?attachment_id=263\" rel=\"attachment wp-att-263\"><img loading=\"lazy\" decoding=\"async\" class=\"alignnone size-thumbnail wp-image-263\" alt=\"Skikurs 2014 - 8. Februar im Tannheimer Tal\" src=\"http:\/\/schregle.eu\/wp-content\/uploads\/2014\/02\/Skikurs-8.-Feb.-2014_11-225x150.jpg\" width=\"225\" height=\"150\" srcset=\"http:\/\/schregle.eu\/wp-content\/uploads\/2014\/02\/Skikurs-8.-Feb.-2014_11-225x150.jpg 225w, http:\/\/schregle.eu\/wp-content\/uploads\/2014\/02\/Skikurs-8.-Feb.-2014_11-450x300.jpg 450w, http:\/\/schregle.eu\/wp-content\/uploads\/2014\/02\/Skikurs-8.-Feb.-2014_11-1024x682.jpg 1024w, http:\/\/schregle.eu\/wp-content\/uploads\/2014\/02\/Skikurs-8.-Feb.-2014_11.jpg 1200w\" sizes=\"auto, (max-width: 225px) 100vw, 225px\" \/><\/a> <a href=\"http:\/\/schregle.eu\/?attachment_id=264\" rel=\"attachment wp-att-264\"><img loading=\"lazy\" decoding=\"async\" class=\"alignnone size-thumbnail wp-image-264\" alt=\"Skikurs 2014 - 8. Februar im Tannheimer Tal\" src=\"http:\/\/schregle.eu\/wp-content\/uploads\/2014\/02\/Skikurs-8.-Feb.-2014_12-225x150.jpg\" width=\"225\" height=\"150\" srcset=\"http:\/\/schregle.eu\/wp-content\/uploads\/2014\/02\/Skikurs-8.-Feb.-2014_12-225x150.jpg 225w, http:\/\/schregle.eu\/wp-content\/uploads\/2014\/02\/Skikurs-8.-Feb.-2014_12-450x300.jpg 450w, http:\/\/schregle.eu\/wp-content\/uploads\/2014\/02\/Skikurs-8.-Feb.-2014_12-1024x682.jpg 1024w, http:\/\/schregle.eu\/wp-content\/uploads\/2014\/02\/Skikurs-8.-Feb.-2014_12.jpg 1200w\" sizes=\"auto, (max-width: 225px) 100vw, 225px\" \/><\/a> <a href=\"http:\/\/schregle.eu\/?attachment_id=265\" rel=\"attachment wp-att-265\"><img loading=\"lazy\" decoding=\"async\" class=\"alignnone size-thumbnail wp-image-265\" alt=\"Skikurs 2014 - 8. Februar im Tannheimer Tal\" src=\"http:\/\/schregle.eu\/wp-content\/uploads\/2014\/02\/Skikurs-8.-Feb.-2014_13-225x150.jpg\" width=\"225\" height=\"150\" srcset=\"http:\/\/schregle.eu\/wp-content\/uploads\/2014\/02\/Skikurs-8.-Feb.-2014_13-225x150.jpg 225w, http:\/\/schregle.eu\/wp-content\/uploads\/2014\/02\/Skikurs-8.-Feb.-2014_13-450x300.jpg 450w, http:\/\/schregle.eu\/wp-content\/uploads\/2014\/02\/Skikurs-8.-Feb.-2014_13-1024x682.jpg 1024w, http:\/\/schregle.eu\/wp-content\/uploads\/2014\/02\/Skikurs-8.-Feb.-2014_13.jpg 1200w\" sizes=\"auto, (max-width: 225px) 100vw, 225px\" \/><\/a> <a href=\"http:\/\/schregle.eu\/?attachment_id=266\" rel=\"attachment wp-att-266\"><img loading=\"lazy\" decoding=\"async\" class=\"alignnone size-thumbnail wp-image-266\" alt=\"Skikurs 2014 - 8. Februar im Tannheimer Tal\" src=\"http:\/\/schregle.eu\/wp-content\/uploads\/2014\/02\/Skikurs-8.-Feb.-2014_14-225x150.jpg\" width=\"225\" height=\"150\" srcset=\"http:\/\/schregle.eu\/wp-content\/uploads\/2014\/02\/Skikurs-8.-Feb.-2014_14-225x150.jpg 225w, http:\/\/schregle.eu\/wp-content\/uploads\/2014\/02\/Skikurs-8.-Feb.-2014_14-450x300.jpg 450w, http:\/\/schregle.eu\/wp-content\/uploads\/2014\/02\/Skikurs-8.-Feb.-2014_14-1024x682.jpg 1024w, http:\/\/schregle.eu\/wp-content\/uploads\/2014\/02\/Skikurs-8.-Feb.-2014_14.jpg 1200w\" sizes=\"auto, (max-width: 225px) 100vw, 225px\" \/><\/a> <a href=\"http:\/\/schregle.eu\/?attachment_id=257\" rel=\"attachment wp-att-257\"><img loading=\"lazy\" decoding=\"async\" class=\"alignnone size-thumbnail wp-image-257\" alt=\"Skikurs 2014 - 8. Februar im Tannheimer Tal\" src=\"http:\/\/schregle.eu\/wp-content\/uploads\/2014\/02\/Skikurs-8.-Feb.-2014_05-225x150.jpg\" width=\"225\" height=\"150\" \/><\/a> <a href=\"http:\/\/schregle.eu\/?attachment_id=260\" rel=\"attachment wp-att-260\"><img loading=\"lazy\" decoding=\"async\" class=\"alignnone size-thumbnail wp-image-260\" alt=\"Skikurs 2014 - 8. Februar im Tannheimer Tal\" src=\"http:\/\/schregle.eu\/wp-content\/uploads\/2014\/02\/Skikurs-8.-Feb.-2014_08-225x150.jpg\" width=\"225\" height=\"150\" \/><\/a><\/p>\n","protected":false},"excerpt":{"rendered":"<p>Da freust du dich wochenlang auf 5 besondere Tage im Jahr und schwupp &#8211; da waren sie auch schon wieder vorbei. Samstag, 8. Februar 2014 &#8211; heute war der letzte von 5 Skikurstagen der Aystetter Skischule. Obligatorisch war das Abschlussrennen am Nachmittag mit der Ehrung aller Teilnehmer. Um halb f\u00fcnf, quasi noch mitten in der &hellip; <a href=\"http:\/\/schregle.eu\/?p=268\" class=\"more-link\"><span class=\"screen-reader-text\">Skikurs 2014 &#8211; Tag 5<\/span> weiterlesen <span class=\"meta-nav\">&rarr;<\/span><\/a><\/p>\n","protected":false},"author":1,"featured_media":0,"comment_status":"closed","ping_status":"closed","sticky":false,"template":"","format":"standard","meta":{"footnotes":""},"categories":[20],"tags":[],"class_list":["post-268","post","type-post","status-publish","format-standard","hentry","category-freizeit"],"_links":{"self":[{"href":"http:\/\/schregle.eu\/index.php?rest_route=\/wp\/v2\/posts\/268","targetHints":{"allow":["GET"]}}],"collection":[{"href":"http:\/\/schregle.eu\/index.php?rest_route=\/wp\/v2\/posts"}],"about":[{"href":"http:\/\/schregle.eu\/index.php?rest_route=\/wp\/v2\/types\/post"}],"author":[{"embeddable":true,"href":"http:\/\/schregle.eu\/index.php?rest_route=\/wp\/v2\/users\/1"}],"replies":[{"embeddable":true,"href":"http:\/\/schregle.eu\/index.php?rest_route=%2Fwp%2Fv2%2Fcomments&post=268"}],"version-history":[{"count":17,"href":"http:\/\/schregle.eu\/index.php?rest_route=\/wp\/v2\/posts\/268\/revisions"}],"predecessor-version":[{"id":301,"href":"http:\/\/schregle.eu\/index.php?rest_route=\/wp\/v2\/posts\/268\/revisions\/301"}],"wp:attachment":[{"href":"http:\/\/schregle.eu\/index.php?rest_route=%2Fwp%2Fv2%2Fmedia&parent=268"}],"wp:term":[{"taxonomy":"category","embeddable":true,"href":"http:\/\/schregle.eu\/index.php?rest_route=%2Fwp%2Fv2%2Fcategories&post=268"},{"taxonomy":"post_tag","embeddable":true,"href":"http:\/\/schregle.eu\/index.php?rest_route=%2Fwp%2Fv2%2Ftags&post=268"}],"curies":[{"name":"wp","href":"https:\/\/api.w.org\/{rel}","templated":true}]}}