{"id":191,"date":"2014-02-03T16:40:44","date_gmt":"2014-02-03T15:40:44","guid":{"rendered":"http:\/\/schregle.eu\/?p=191"},"modified":"2014-02-18T14:18:04","modified_gmt":"2014-02-18T13:18:04","slug":"skikurs-2014-tag-4","status":"publish","type":"post","link":"http:\/\/schregle.eu\/?p=191","title":{"rendered":"Skikurs 2014 &#8211; Tag 4"},"content":{"rendered":"<p style=\"text-align: justify;\">Mittlerweile sind die ersten 4 Tage Skikurs im Tannheimer Tal, f\u00fcr dieses Jahr schon Geschichte. Wahnsinn wie schnell die Zeit dahinschreitet.<br \/>\nNachdem letztes Jahr Johannes mit viel Spa\u00df, Begeisterung und Erfolg das Skifahren f\u00fcr sich entdeckt hatte, waren dieses Jahr auch Magdalena und Thomas nicht mehr zu bremsen.\u00a0 Aber nicht nur Magda und Thomas wollten heuer ran, sondern auch ich war nach 12 Jahren Skipause hei\u00df auf die Skisaison.<br \/>\nWie gesagt, wir blicken mittlerweile auf 4 herrliche, sonnige Skitage zur\u00fcck bei denen nicht nur das Skifahren Spa\u00df bereitet hat, sondern auch die vielen witzigen Gespr\u00e4che und Szenen bei den Einkehrschw\u00fcngen.<br \/>\nN\u00e4chsten Samstag, am Tag 5 geht es dann um die Wurst, wenn jeder beim Abschlussrennen sein K\u00f6nnen unter Beweis stellen kann. Leider ist Gisela nicht mit dabei, aber aus Ihrer Sicht d\u00fcrfte es leicht zu verschmerzen sein &#8211; denn Sie f\u00e4hrt f\u00fcr 4 Tage nach Ischgl &#8211; und ich am Abend wieder nach Hause.<\/p>\n<p><span style=\"color: #993300;\"><em>Tiger<\/em><\/span><\/p>\n<p style=\"text-align: center;\"><a href=\"http:\/\/schregle.eu\/?attachment_id=198\" rel=\"attachment wp-att-198\"><img loading=\"lazy\" decoding=\"async\" class=\"alignnone size-thumbnail wp-image-198\" alt=\"Skikurs 2014 - 01. Februar\" src=\"http:\/\/schregle.eu\/wp-content\/uploads\/2014\/02\/Skikurs-2014_06-225x150.jpg\" width=\"225\" height=\"150\" \/><\/a> <a href=\"http:\/\/schregle.eu\/?attachment_id=197\" rel=\"attachment wp-att-197\"><img loading=\"lazy\" decoding=\"async\" class=\"alignnone size-thumbnail wp-image-197\" alt=\"Skikurs 2014 - 01. Februar\" src=\"http:\/\/schregle.eu\/wp-content\/uploads\/2014\/02\/Skikurs-2014_05-225x150.jpg\" width=\"225\" height=\"150\" srcset=\"http:\/\/schregle.eu\/wp-content\/uploads\/2014\/02\/Skikurs-2014_05-225x150.jpg 225w, http:\/\/schregle.eu\/wp-content\/uploads\/2014\/02\/Skikurs-2014_05-450x300.jpg 450w, http:\/\/schregle.eu\/wp-content\/uploads\/2014\/02\/Skikurs-2014_05-1024x682.jpg 1024w, http:\/\/schregle.eu\/wp-content\/uploads\/2014\/02\/Skikurs-2014_05.jpg 1200w\" sizes=\"auto, (max-width: 225px) 100vw, 225px\" \/><\/a> <a href=\"http:\/\/schregle.eu\/?attachment_id=196\" rel=\"attachment wp-att-196\"><img loading=\"lazy\" decoding=\"async\" class=\"alignnone size-thumbnail wp-image-196\" alt=\"Skikurs 2014 - 01. Februar\" src=\"http:\/\/schregle.eu\/wp-content\/uploads\/2014\/02\/Skikurs-2014_04-225x150.jpg\" width=\"225\" height=\"150\" srcset=\"http:\/\/schregle.eu\/wp-content\/uploads\/2014\/02\/Skikurs-2014_04-225x150.jpg 225w, http:\/\/schregle.eu\/wp-content\/uploads\/2014\/02\/Skikurs-2014_04-450x300.jpg 450w, http:\/\/schregle.eu\/wp-content\/uploads\/2014\/02\/Skikurs-2014_04-1024x682.jpg 1024w, http:\/\/schregle.eu\/wp-content\/uploads\/2014\/02\/Skikurs-2014_04.jpg 1200w\" sizes=\"auto, (max-width: 225px) 100vw, 225px\" \/><\/a> <a href=\"http:\/\/schregle.eu\/?attachment_id=195\" rel=\"attachment wp-att-195\"><img loading=\"lazy\" decoding=\"async\" class=\"alignnone size-thumbnail wp-image-195\" alt=\"Skikurs 2014 - 01. Februar\" src=\"http:\/\/schregle.eu\/wp-content\/uploads\/2014\/02\/Skikurs-2014_03-225x150.jpg\" width=\"225\" height=\"150\" srcset=\"http:\/\/schregle.eu\/wp-content\/uploads\/2014\/02\/Skikurs-2014_03-225x150.jpg 225w, http:\/\/schregle.eu\/wp-content\/uploads\/2014\/02\/Skikurs-2014_03-450x300.jpg 450w, http:\/\/schregle.eu\/wp-content\/uploads\/2014\/02\/Skikurs-2014_03-1024x682.jpg 1024w, http:\/\/schregle.eu\/wp-content\/uploads\/2014\/02\/Skikurs-2014_03.jpg 1200w\" sizes=\"auto, (max-width: 225px) 100vw, 225px\" \/><\/a> <a href=\"http:\/\/schregle.eu\/?attachment_id=194\" rel=\"attachment wp-att-194\"><img loading=\"lazy\" decoding=\"async\" class=\"alignnone size-thumbnail wp-image-194\" alt=\"Skikurs 2014 - 01. Februar\" src=\"http:\/\/schregle.eu\/wp-content\/uploads\/2014\/02\/Skikurs-2014_02-225x150.jpg\" width=\"225\" height=\"150\" \/><\/a> <a href=\"http:\/\/schregle.eu\/?attachment_id=193\" rel=\"attachment wp-att-193\"><img loading=\"lazy\" decoding=\"async\" class=\"alignnone size-thumbnail wp-image-193\" alt=\"Skikurs 2014 - 01. Februar\" src=\"http:\/\/schregle.eu\/wp-content\/uploads\/2014\/02\/Skikurs-2014_01-225x150.jpg\" width=\"225\" height=\"150\" \/><\/a><\/p>\n<p>&nbsp;<\/p>\n","protected":false},"excerpt":{"rendered":"<p>Mittlerweile sind die ersten 4 Tage Skikurs im Tannheimer Tal, f\u00fcr dieses Jahr schon Geschichte. Wahnsinn wie schnell die Zeit dahinschreitet. Nachdem letztes Jahr Johannes mit viel Spa\u00df, Begeisterung und Erfolg das Skifahren f\u00fcr sich entdeckt hatte, waren dieses Jahr auch Magdalena und Thomas nicht mehr zu bremsen.\u00a0 Aber nicht nur Magda und Thomas wollten &hellip; <a href=\"http:\/\/schregle.eu\/?p=191\" class=\"more-link\"><span class=\"screen-reader-text\">Skikurs 2014 &#8211; Tag 4<\/span> weiterlesen <span class=\"meta-nav\">&rarr;<\/span><\/a><\/p>\n","protected":false},"author":2,"featured_media":0,"comment_status":"closed","ping_status":"open","sticky":false,"template":"","format":"standard","meta":{"footnotes":""},"categories":[20],"tags":[],"class_list":["post-191","post","type-post","status-publish","format-standard","hentry","category-freizeit"],"_links":{"self":[{"href":"http:\/\/schregle.eu\/index.php?rest_route=\/wp\/v2\/posts\/191","targetHints":{"allow":["GET"]}}],"collection":[{"href":"http:\/\/schregle.eu\/index.php?rest_route=\/wp\/v2\/posts"}],"about":[{"href":"http:\/\/schregle.eu\/index.php?rest_route=\/wp\/v2\/types\/post"}],"author":[{"embeddable":true,"href":"http:\/\/schregle.eu\/index.php?rest_route=\/wp\/v2\/users\/2"}],"replies":[{"embeddable":true,"href":"http:\/\/schregle.eu\/index.php?rest_route=%2Fwp%2Fv2%2Fcomments&post=191"}],"version-history":[{"count":11,"href":"http:\/\/schregle.eu\/index.php?rest_route=\/wp\/v2\/posts\/191\/revisions"}],"predecessor-version":[{"id":286,"href":"http:\/\/schregle.eu\/index.php?rest_route=\/wp\/v2\/posts\/191\/revisions\/286"}],"wp:attachment":[{"href":"http:\/\/schregle.eu\/index.php?rest_route=%2Fwp%2Fv2%2Fmedia&parent=191"}],"wp:term":[{"taxonomy":"category","embeddable":true,"href":"http:\/\/schregle.eu\/index.php?rest_route=%2Fwp%2Fv2%2Fcategories&post=191"},{"taxonomy":"post_tag","embeddable":true,"href":"http:\/\/schregle.eu\/index.php?rest_route=%2Fwp%2Fv2%2Ftags&post=191"}],"curies":[{"name":"wp","href":"https:\/\/api.w.org\/{rel}","templated":true}]}}