{"id":142,"date":"2014-02-04T06:00:52","date_gmt":"2014-02-04T05:00:52","guid":{"rendered":"http:\/\/schregle.eu\/?p=142"},"modified":"2014-03-04T13:46:21","modified_gmt":"2014-03-04T12:46:21","slug":"happy-birthday-rodrigo","status":"publish","type":"post","link":"http:\/\/schregle.eu\/?p=142","title":{"rendered":"und Hallo Rodrigo"},"content":{"rendered":"<p style=\"text-align: justify;\">zun\u00e4chst mal viele Gr\u00fc\u00dfe aus Aystetten nach Vancouver.<\/p>\n<p style=\"text-align: justify;\">Wir w\u00fcnschen Dir zu Deinem Geburtstag alles, alles Liebe und Gute.<br \/>\nGesundheit, Gl\u00fcck, Humor und Zufriedenheit sollen Deine Begleiter sein, wo immer Du gerade bist und was immer du gerade machst.<br \/>\nBleib dran an den Dingen, welche Du Dir vorgenommen hast und vielleicht sehen wir uns in 2014 wieder &#8211; Du wirst immer einen Platz bei uns zu Hause haben, wann immer Du kommst.\u00a0 &#8211;\u00a0 Wir w\u00fcrden uns sehr freuen.<\/p>\n<figure id=\"attachment_182\" aria-describedby=\"caption-attachment-182\" style=\"width: 180px\" class=\"wp-caption aligncenter\"><a href=\"http:\/\/schregle.eu\/?attachment_id=182\" rel=\"attachment wp-att-182\"><img loading=\"lazy\" decoding=\"async\" class=\"size-thumbnail wp-image-182\" alt=\"Rodrigo Heutal 2011\" src=\"http:\/\/schregle.eu\/wp-content\/uploads\/2014\/02\/Heutal_2011_29-225x150.jpg\" width=\"180\" height=\"120\" srcset=\"http:\/\/schregle.eu\/wp-content\/uploads\/2014\/02\/Heutal_2011_29-225x150.jpg 225w, http:\/\/schregle.eu\/wp-content\/uploads\/2014\/02\/Heutal_2011_29-450x300.jpg 450w, http:\/\/schregle.eu\/wp-content\/uploads\/2014\/02\/Heutal_2011_29-1024x682.jpg 1024w, http:\/\/schregle.eu\/wp-content\/uploads\/2014\/02\/Heutal_2011_29.jpg 1200w\" sizes=\"auto, (max-width: 180px) 100vw, 180px\" \/><\/a><figcaption id=\"caption-attachment-182\" class=\"wp-caption-text\">Rodrigo Heutal 2011<\/figcaption><\/figure>\n<p>Herzliche Gr\u00fc\u00dfe aus Aystetten,<br \/>\nvon Gisela, Claus, Johannes, Magdalena und Thomas<\/p>\n","protected":false},"excerpt":{"rendered":"<p>zun\u00e4chst mal viele Gr\u00fc\u00dfe aus Aystetten nach Vancouver. Wir w\u00fcnschen Dir zu Deinem Geburtstag alles, alles Liebe und Gute. Gesundheit, Gl\u00fcck, Humor und Zufriedenheit sollen Deine Begleiter sein, wo immer Du gerade bist und was immer du gerade machst. Bleib dran an den Dingen, welche Du Dir vorgenommen hast und vielleicht sehen wir uns in &hellip; <a href=\"http:\/\/schregle.eu\/?p=142\" class=\"more-link\"><span class=\"screen-reader-text\">und Hallo Rodrigo<\/span> weiterlesen <span class=\"meta-nav\">&rarr;<\/span><\/a><\/p>\n","protected":false},"author":1,"featured_media":366,"comment_status":"closed","ping_status":"open","sticky":false,"template":"","format":"standard","meta":{"footnotes":""},"categories":[5],"tags":[],"class_list":["post-142","post","type-post","status-publish","format-standard","has-post-thumbnail","hentry","category-gastschueler"],"_links":{"self":[{"href":"http:\/\/schregle.eu\/index.php?rest_route=\/wp\/v2\/posts\/142","targetHints":{"allow":["GET"]}}],"collection":[{"href":"http:\/\/schregle.eu\/index.php?rest_route=\/wp\/v2\/posts"}],"about":[{"href":"http:\/\/schregle.eu\/index.php?rest_route=\/wp\/v2\/types\/post"}],"author":[{"embeddable":true,"href":"http:\/\/schregle.eu\/index.php?rest_route=\/wp\/v2\/users\/1"}],"replies":[{"embeddable":true,"href":"http:\/\/schregle.eu\/index.php?rest_route=%2Fwp%2Fv2%2Fcomments&post=142"}],"version-history":[{"count":23,"href":"http:\/\/schregle.eu\/index.php?rest_route=\/wp\/v2\/posts\/142\/revisions"}],"predecessor-version":[{"id":413,"href":"http:\/\/schregle.eu\/index.php?rest_route=\/wp\/v2\/posts\/142\/revisions\/413"}],"wp:featuredmedia":[{"embeddable":true,"href":"http:\/\/schregle.eu\/index.php?rest_route=\/wp\/v2\/media\/366"}],"wp:attachment":[{"href":"http:\/\/schregle.eu\/index.php?rest_route=%2Fwp%2Fv2%2Fmedia&parent=142"}],"wp:term":[{"taxonomy":"category","embeddable":true,"href":"http:\/\/schregle.eu\/index.php?rest_route=%2Fwp%2Fv2%2Fcategories&post=142"},{"taxonomy":"post_tag","embeddable":true,"href":"http:\/\/schregle.eu\/index.php?rest_route=%2Fwp%2Fv2%2Ftags&post=142"}],"curies":[{"name":"wp","href":"https:\/\/api.w.org\/{rel}","templated":true}]}}