{"id":1138,"date":"2016-05-01T15:06:48","date_gmt":"2016-05-01T13:06:48","guid":{"rendered":"http:\/\/schregle.eu\/?p=1138"},"modified":"2016-05-01T15:11:40","modified_gmt":"2016-05-01T13:11:40","slug":"erstkommunion-thomas-april-2016","status":"publish","type":"post","link":"http:\/\/schregle.eu\/?p=1138","title":{"rendered":"Erstkommunion Thomas &#8211; April 2016"},"content":{"rendered":"<h6 style=\"text-align: justify;\"><img loading=\"lazy\" decoding=\"async\" class=\"size-full wp-image-1147 aligncenter\" src=\"http:\/\/schregle.eu\/wp-content\/uploads\/2016\/05\/KOM_TO_2016_Beitrag_300.jpg\" alt=\"KOM_TO_2016_Beitrag_300\" width=\"300\" height=\"208\" srcset=\"http:\/\/schregle.eu\/wp-content\/uploads\/2016\/05\/KOM_TO_2016_Beitrag_300.jpg 300w, http:\/\/schregle.eu\/wp-content\/uploads\/2016\/05\/KOM_TO_2016_Beitrag_300-173x120.jpg 173w\" sizes=\"auto, (max-width: 300px) 100vw, 300px\" \/><\/h6>\n<h6 style=\"text-align: justify;\">Liebe Familie und alle meine Freunde,<\/h6>\n<p style=\"text-align: justify;\"><a href=\"http:\/\/schregle.eu\/?attachment_id=1145\"><img loading=\"lazy\" decoding=\"async\" class=\"alignleft wp-image-1145 size-thumbnail\" src=\"http:\/\/schregle.eu\/wp-content\/uploads\/2016\/05\/KOM_TO_2016_1200-85x120.jpg\" alt=\"KOM_TO_2016_1200\" width=\"85\" height=\"120\" srcset=\"http:\/\/schregle.eu\/wp-content\/uploads\/2016\/05\/KOM_TO_2016_1200-85x120.jpg 85w, http:\/\/schregle.eu\/wp-content\/uploads\/2016\/05\/KOM_TO_2016_1200-284x400.jpg 284w, http:\/\/schregle.eu\/wp-content\/uploads\/2016\/05\/KOM_TO_2016_1200-768x1080.jpg 768w, http:\/\/schregle.eu\/wp-content\/uploads\/2016\/05\/KOM_TO_2016_1200-640x900.jpg 640w, http:\/\/schregle.eu\/wp-content\/uploads\/2016\/05\/KOM_TO_2016_1200.jpg 800w\" sizes=\"auto, (max-width: 85px) 100vw, 85px\" \/><\/a>es ist noch gar nicht lange her, da hatte Magda ihre Erstkommunion und ich konnte damit eigentlich nichts anfangen. Aber mir hat das rie\u00dfengro\u00dfe Fest gefallen, das an diesem Tag, nur f\u00fcr Magda gefeiert wurde.<\/p>\n<p style=\"text-align: justify;\">Das letzte halbe Jahr hatten wir Kommunionsvorbereitung und es war klar, dass ich nun an der Reihe war, mit einem rie\u00dfengro\u00dfen Fest. Lange hat die Vorfreude und die Aufregung auf sich warten lassen, ich bin einfach ein cooler Typ, aber die letzten zwei Wochen vor dem Fest, war ich dann schon gespannt wie alles laufen w\u00fcrde. Auch war es nicht mehr nur die gro\u00dfe Fete auf die ich mich freute, sondern einfach auf alles, was an diesem Tag, mit mir und um mich herum passierte. Ganz ehrlich &#8211; theoretisch wei\u00df ich nun was an diesem Tag das Besondere war, das habe ich ja gelernt &#8211; nur, richtig begreifen was es aus mir gemacht hat, dazu wird es wahrscheinlich noch ein bischen Zeit brauchen.<\/p>\n<p style=\"text-align: center;\"><span style=\"font-family: comic sans ms,sans-serif;\">Meine lieben G\u00e4ste, alle die da waren und auch die, welche nicht kommen konnten<\/span><\/p>\n<p style=\"text-align: center;\"><strong><em><a href=\"http:\/\/schregle.eu\/?attachment_id=1143\"><img loading=\"lazy\" decoding=\"async\" class=\"alignleft wp-image-1143\" src=\"http:\/\/schregle.eu\/wp-content\/uploads\/2016\/05\/KOM_TO_2016-02_1200-267x400.jpg\" alt=\"KOM_TO_2016-02_1200\" width=\"180\" height=\"270\" srcset=\"http:\/\/schregle.eu\/wp-content\/uploads\/2016\/05\/KOM_TO_2016-02_1200-267x400.jpg 267w, http:\/\/schregle.eu\/wp-content\/uploads\/2016\/05\/KOM_TO_2016-02_1200-80x120.jpg 80w, http:\/\/schregle.eu\/wp-content\/uploads\/2016\/05\/KOM_TO_2016-02_1200-768x1152.jpg 768w, http:\/\/schregle.eu\/wp-content\/uploads\/2016\/05\/KOM_TO_2016-02_1200-600x900.jpg 600w, http:\/\/schregle.eu\/wp-content\/uploads\/2016\/05\/KOM_TO_2016-02_1200.jpg 800w\" sizes=\"auto, (max-width: 180px) 100vw, 180px\" \/><\/a>VIELEN DANK&#8230;<\/em><\/strong><\/p>\n<p style=\"text-align: center;\">&#8230; f\u00fcr die geschenkte Zeit, um mit mir gemeinsam meine Erste Hl. Komunion zu feiern.<br \/>\nAuch \u00fcber die lieben Segensw\u00fcnsche und Geschenke zu meiner Erstkommunion habe ich mich sehr gefreut.<br \/>\n<strong><em>DANKE<\/em><\/strong> &#8211; dass ihr diesen Tag f\u00fcr mich so besonders gemacht habt.<\/p>\n<p style=\"text-align: center;\"><span style=\"font-family: comic sans ms,sans-serif;\">Viele Gr\u00fc\u00dfe Euer Thomas<\/span><\/p>\n","protected":false},"excerpt":{"rendered":"<p>Liebe Familie und alle meine Freunde, es ist noch gar nicht lange her, da hatte Magda ihre Erstkommunion und ich konnte damit eigentlich nichts anfangen. Aber mir hat das rie\u00dfengro\u00dfe Fest gefallen, das an diesem Tag, nur f\u00fcr Magda gefeiert wurde. Das letzte halbe Jahr hatten wir Kommunionsvorbereitung und es war klar, dass ich nun &hellip; <a href=\"http:\/\/schregle.eu\/?p=1138\" class=\"more-link\"><span class=\"screen-reader-text\">Erstkommunion Thomas &#8211; April 2016<\/span> weiterlesen <span class=\"meta-nav\">&rarr;<\/span><\/a><\/p>\n","protected":false},"author":7,"featured_media":0,"comment_status":"closed","ping_status":"closed","sticky":false,"template":"","format":"standard","meta":{"footnotes":""},"categories":[12],"tags":[],"class_list":["post-1138","post","type-post","status-publish","format-standard","hentry","category-thomas"],"_links":{"self":[{"href":"http:\/\/schregle.eu\/index.php?rest_route=\/wp\/v2\/posts\/1138","targetHints":{"allow":["GET"]}}],"collection":[{"href":"http:\/\/schregle.eu\/index.php?rest_route=\/wp\/v2\/posts"}],"about":[{"href":"http:\/\/schregle.eu\/index.php?rest_route=\/wp\/v2\/types\/post"}],"author":[{"embeddable":true,"href":"http:\/\/schregle.eu\/index.php?rest_route=\/wp\/v2\/users\/7"}],"replies":[{"embeddable":true,"href":"http:\/\/schregle.eu\/index.php?rest_route=%2Fwp%2Fv2%2Fcomments&post=1138"}],"version-history":[{"count":12,"href":"http:\/\/schregle.eu\/index.php?rest_route=\/wp\/v2\/posts\/1138\/revisions"}],"predecessor-version":[{"id":1156,"href":"http:\/\/schregle.eu\/index.php?rest_route=\/wp\/v2\/posts\/1138\/revisions\/1156"}],"wp:attachment":[{"href":"http:\/\/schregle.eu\/index.php?rest_route=%2Fwp%2Fv2%2Fmedia&parent=1138"}],"wp:term":[{"taxonomy":"category","embeddable":true,"href":"http:\/\/schregle.eu\/index.php?rest_route=%2Fwp%2Fv2%2Fcategories&post=1138"},{"taxonomy":"post_tag","embeddable":true,"href":"http:\/\/schregle.eu\/index.php?rest_route=%2Fwp%2Fv2%2Ftags&post=1138"}],"curies":[{"name":"wp","href":"https:\/\/api.w.org\/{rel}","templated":true}]}}