{"id":1075,"date":"2015-10-25T14:46:02","date_gmt":"2015-10-25T13:46:02","guid":{"rendered":"http:\/\/schregle.eu\/?p=1075"},"modified":"2015-10-25T17:00:08","modified_gmt":"2015-10-25T16:00:08","slug":"tiger-die-50-und-ein-grosses-dankeschoen","status":"publish","type":"post","link":"http:\/\/schregle.eu\/?p=1075","title":{"rendered":"Tiger &#8211; die 50 und ein gro\u00dfes Dankesch\u00f6n"},"content":{"rendered":"<p style=\"text-align: justify;\"><img loading=\"lazy\" decoding=\"async\" class=\"alignnone size-medium wp-image-1078\" src=\"http:\/\/schregle.eu\/wp-content\/uploads\/2015\/10\/50J_Tiger_600-600x325.jpg\" alt=\"50J_Tiger_600\" width=\"600\" height=\"325\" srcset=\"http:\/\/schregle.eu\/wp-content\/uploads\/2015\/10\/50J_Tiger_600.jpg 600w, http:\/\/schregle.eu\/wp-content\/uploads\/2015\/10\/50J_Tiger_600-180x98.jpg 180w\" sizes=\"auto, (max-width: 600px) 100vw, 600px\" \/><\/p>\n<p style=\"text-align: justify;\">Zugegeben &#8211; der Beitrag kommt sp\u00e4t, aber er kommt. 26. August 2015 &#8211; der Tag an dem ich 50 wurde, war im Grunde ein herrlicher Urlaubstag am Mittelmeerstrand der Insel Cres in Kroatien. Die Sonne schien unentwegt warm vom blauen Himmel und meinem Gem\u00fct war es nach allem anderen zumute, als Tr\u00fcbsal \u00fcber mein Alter zu blasen. Man kann so einen Tag also auch ruhig und gelassen angehen. Abends trafen wir uns dann in Mali Losinj mit der befreundeten Familie Harlinghausen, welche just zum selben Zeitpunkt in dieser Region Ihren Urlaub verbrachte, zum Abendessen und einem gem\u00fctlichen Bummel im Hafen.<\/p>\n<p style=\"text-align: justify;\">Der Trubel um diesen Tag, setzte f\u00fcr mich dann erst einen Monat sp\u00e4ter am 26. September 2015 ein. Welch ein Fest f\u00fcr mich, der ich doch immer schon gerne aus der zweiten oder dritten Reihe aggiert habe. Da stand ich nun wie die Rampensau im Scheinwerferlicht der Partyfront und hatte Gott sei Dank viele liebe Verwandte, Freunde und Bekannte zu Gast auf meiner Partyzone.<\/p>\n<p style=\"text-align: justify;\"><em>An meine G\u00e4ste<\/em> &#8211; wie habe ich mich gefreut dass Ihr alle da gewesen seid. Ich habe erst sp\u00e4ter realisiert wie besonders wertvoll es f\u00fcr mich war, in Mitten einer so gro\u00dfen Zahl von lieben Menschen dieses Fest feiern zu k\u00f6nnen.<br \/>\nDaher m\u00f6chte ich mich auch \u00fcber diesen Weg ganz herzlich bei Euch allen bedanken. F\u00fcr die Zeit, welche Ihr mir an diesem Abend geschenkt habt, f\u00fcr die vielen Gl\u00fcckw\u00fcnsche, die netten und tr\u00f6stenden Worte, sowie f\u00fcr die gute Laune und Stimmung welche Ihr mitgebracht habt. &#8211; DANKE &#8211;<\/p>\n<p style=\"text-align: justify;\">PS: Meine E-Gitarre ist mittlerweile bestellt und mein Gitarrenlehrer vorgewarnt.<\/p>\n<p style=\"text-align: justify;\"><a href=\"http:\/\/schregle.eu\/?attachment_id=1084\" rel=\"attachment wp-att-1084\"><img loading=\"lazy\" decoding=\"async\" class=\"alignnone size-medium wp-image-1084\" src=\"http:\/\/schregle.eu\/wp-content\/uploads\/2015\/10\/Gaeste_Claus_50-600x400.jpg\" alt=\"Gaeste_Claus_50\" width=\"600\" height=\"400\" srcset=\"http:\/\/schregle.eu\/wp-content\/uploads\/2015\/10\/Gaeste_Claus_50-600x400.jpg 600w, http:\/\/schregle.eu\/wp-content\/uploads\/2015\/10\/Gaeste_Claus_50-180x120.jpg 180w, http:\/\/schregle.eu\/wp-content\/uploads\/2015\/10\/Gaeste_Claus_50.jpg 1200w\" sizes=\"auto, (max-width: 600px) 100vw, 600px\" \/><\/a><\/p>\n","protected":false},"excerpt":{"rendered":"<p>Zugegeben &#8211; der Beitrag kommt sp\u00e4t, aber er kommt. 26. August 2015 &#8211; der Tag an dem ich 50 wurde, war im Grunde ein herrlicher Urlaubstag am Mittelmeerstrand der Insel Cres in Kroatien. Die Sonne schien unentwegt warm vom blauen Himmel und meinem Gem\u00fct war es nach allem anderen zumute, als Tr\u00fcbsal \u00fcber mein Alter &hellip; <a href=\"http:\/\/schregle.eu\/?p=1075\" class=\"more-link\"><span class=\"screen-reader-text\">Tiger &#8211; die 50 und ein gro\u00dfes Dankesch\u00f6n<\/span> weiterlesen <span class=\"meta-nav\">&rarr;<\/span><\/a><\/p>\n","protected":false},"author":1,"featured_media":0,"comment_status":"closed","ping_status":"closed","sticky":false,"template":"","format":"standard","meta":{"footnotes":""},"categories":[8],"tags":[],"class_list":["post-1075","post","type-post","status-publish","format-standard","hentry","category-claus"],"_links":{"self":[{"href":"http:\/\/schregle.eu\/index.php?rest_route=\/wp\/v2\/posts\/1075","targetHints":{"allow":["GET"]}}],"collection":[{"href":"http:\/\/schregle.eu\/index.php?rest_route=\/wp\/v2\/posts"}],"about":[{"href":"http:\/\/schregle.eu\/index.php?rest_route=\/wp\/v2\/types\/post"}],"author":[{"embeddable":true,"href":"http:\/\/schregle.eu\/index.php?rest_route=\/wp\/v2\/users\/1"}],"replies":[{"embeddable":true,"href":"http:\/\/schregle.eu\/index.php?rest_route=%2Fwp%2Fv2%2Fcomments&post=1075"}],"version-history":[{"count":8,"href":"http:\/\/schregle.eu\/index.php?rest_route=\/wp\/v2\/posts\/1075\/revisions"}],"predecessor-version":[{"id":1085,"href":"http:\/\/schregle.eu\/index.php?rest_route=\/wp\/v2\/posts\/1075\/revisions\/1085"}],"wp:attachment":[{"href":"http:\/\/schregle.eu\/index.php?rest_route=%2Fwp%2Fv2%2Fmedia&parent=1075"}],"wp:term":[{"taxonomy":"category","embeddable":true,"href":"http:\/\/schregle.eu\/index.php?rest_route=%2Fwp%2Fv2%2Fcategories&post=1075"},{"taxonomy":"post_tag","embeddable":true,"href":"http:\/\/schregle.eu\/index.php?rest_route=%2Fwp%2Fv2%2Ftags&post=1075"}],"curies":[{"name":"wp","href":"https:\/\/api.w.org\/{rel}","templated":true}]}}