{"id":1057,"date":"2015-05-18T19:20:28","date_gmt":"2015-05-18T17:20:28","guid":{"rendered":"http:\/\/schregle.eu\/?p=1057"},"modified":"2015-05-18T19:20:28","modified_gmt":"2015-05-18T17:20:28","slug":"sa-fca-so-auf-dem-buchenberg","status":"publish","type":"post","link":"http:\/\/schregle.eu\/?p=1057","title":{"rendered":"Sa. FCA &#8211; So. auf dem Buchenberg"},"content":{"rendered":"<p style=\"text-align: justify;\">Nachdem wir unsere am 01. Mai geplante erste Bergwanderung dieses Jahr wegen schlechten Wetters schon auf den 17. Mai verschoben hatten, wollten wir diesen Termin trotz zweifelhafter Wetterlage auf jeden Fall wahrnehmen.<\/p>\n<p style=\"text-align: justify;\">Wolkenverhangen war das gew\u00fcnschte Blau \u00fcber uns und Richtung S\u00fcden sah es nicht besser aus, als wir uns um 09:00 Uhr am Messeparkplatz getroffen haben. Aber alle waren optimistisch und so ging es auf der B17 in Richtung Halblech an den Wanderparkplatz zur Kenzenh\u00fctte. Diese war aber nicht unser Ziel an diesem Tag, vielmehr steuerten wir die Buchenbergalm an welche \u00fcber einen ca. 10 km langen Rundwanderweg gut zu erreichen war. Der erste Abschnitt ging auf einer alsphaltierten Stra\u00dfe ca. eine Stunde entlang des Halblechs bis zur Reiselsbergbr\u00fccke. Hier machten wir die erste Rast bevor der eigentliche Rundwanderweg begann. Danach ging es bergauf und nach weiteren 90 min hatten wir die Alm erreicht.<\/p>\n<p style=\"text-align: justify;\">Und ganz selbstverst\u00e4ndlich wurde jetzt die Speisekarte studiert und wir freuten uns auf Germkn\u00f6del und Kaiserschmarrn. Super lecker und reichlich waren die Portionen. Der Betrieb auf der Alm hielt sich aufgrund der Wetterlage in Grenzen und wir hatten dann noch das Gl\u00fcck dass die Wolkendecke aufgerissen ist und die Sonnenstrahlen freie Fahrt in Richtung Erde hatten.<\/p>\n<p style=\"text-align: justify;\">Die Verdauung machte sich jedoch langsam bemerkbar und bevor die ersten von uns einzuschlafen drohten machten wir uns auf den R\u00fcckweg. Dieser f\u00fchrte zu meinem Leidwesen \u00fcber einen zwar sch\u00f6nen aber f\u00fcr meine Knie beschi&#8230;n Wurzelpfad. Nach bereits 200m Abstieg machte sich das vertraute Stechen in den Knien bemerkbar und wurde von da an mein Begleiter f\u00fcr den Rest des Tages. Tja die Knochen und Gelenke werden zwar mit kurz vor den 50 nicht unbedingt besser, aber ein paar J\u00e4hrchen sollten sie dann doch noch halten. Ich werde also mal zum Arzt gehen und mir einen schlauen Rat abholen.<\/p>\n<p style=\"text-align: justify;\">Wieder am Auto entschied sich die ganze Truppe direkt nach Hause zu fahren und den mittlerweile sch\u00f6nen Sp\u00e4tnachmittag\/-abend auf der heimischen Terasse zu verbringen.<\/p>\n<p style=\"text-align: justify;\">Schee war`s wieda mol&#8230;<\/p>\n<p style=\"text-align: center;\"><a href=\"http:\/\/schregle.eu\/?attachment_id=1066\" rel=\"attachment wp-att-1066\"><img loading=\"lazy\" decoding=\"async\" class=\"alignnone size-thumbnail wp-image-1066\" src=\"http:\/\/schregle.eu\/wp-content\/uploads\/2015\/05\/Buchenbergalm_01-180x101.jpg\" alt=\"Buchenbergalm_01\" width=\"180\" height=\"101\" srcset=\"http:\/\/schregle.eu\/wp-content\/uploads\/2015\/05\/Buchenbergalm_01-180x101.jpg 180w, http:\/\/schregle.eu\/wp-content\/uploads\/2015\/05\/Buchenbergalm_01-600x338.jpg 600w, http:\/\/schregle.eu\/wp-content\/uploads\/2015\/05\/Buchenbergalm_01.jpg 1200w\" sizes=\"auto, (max-width: 180px) 100vw, 180px\" \/><\/a> <a href=\"http:\/\/schregle.eu\/?attachment_id=1067\" rel=\"attachment wp-att-1067\"><img loading=\"lazy\" decoding=\"async\" class=\"alignnone size-thumbnail wp-image-1067\" src=\"http:\/\/schregle.eu\/wp-content\/uploads\/2015\/05\/Buchenbergalm_04-68x120.jpg\" alt=\"Buchenbergalm_04\" width=\"68\" height=\"120\" srcset=\"http:\/\/schregle.eu\/wp-content\/uploads\/2015\/05\/Buchenbergalm_04-68x120.jpg 68w, http:\/\/schregle.eu\/wp-content\/uploads\/2015\/05\/Buchenbergalm_04-225x400.jpg 225w, http:\/\/schregle.eu\/wp-content\/uploads\/2015\/05\/Buchenbergalm_04.jpg 450w\" sizes=\"auto, (max-width: 68px) 100vw, 68px\" \/><\/a> <a href=\"http:\/\/schregle.eu\/?attachment_id=1068\" rel=\"attachment wp-att-1068\"><img loading=\"lazy\" decoding=\"async\" class=\"alignnone size-thumbnail wp-image-1068\" src=\"http:\/\/schregle.eu\/wp-content\/uploads\/2015\/05\/Buchenbergalm_07-180x101.jpg\" alt=\"Buchenbergalm_07\" width=\"180\" height=\"101\" srcset=\"http:\/\/schregle.eu\/wp-content\/uploads\/2015\/05\/Buchenbergalm_07-180x101.jpg 180w, http:\/\/schregle.eu\/wp-content\/uploads\/2015\/05\/Buchenbergalm_07-600x338.jpg 600w, http:\/\/schregle.eu\/wp-content\/uploads\/2015\/05\/Buchenbergalm_07.jpg 1200w\" sizes=\"auto, (max-width: 180px) 100vw, 180px\" \/><\/a><\/p>\n<p style=\"text-align: left;\">Ach ja, fast h\u00e4tte ich es vergessen: Am Tag zuvor waren wir aufgrund f\u00fcr uns gl\u00fccklicher Umst\u00e4nde noch in der SGL-Arena und haben uns das Spiel FCA gegen Hannover 96 angesehen. Leider- oder zurecht verloren.<\/p>\n<p style=\"text-align: left;\">An dieser Stelle vielen Dank an Familie Piller, die uns diesen Besuch erm\u00f6glicht haben.<\/p>\n<p style=\"text-align: center;\"><a href=\"http:\/\/schregle.eu\/?attachment_id=1065\" rel=\"attachment wp-att-1065\"><img loading=\"lazy\" decoding=\"async\" class=\"alignnone size-thumbnail wp-image-1065\" src=\"http:\/\/schregle.eu\/wp-content\/uploads\/2015\/05\/FCA-Hannover-Mai15-180x101.jpg\" alt=\"FCA-Hannover Mai15\" width=\"180\" height=\"101\" srcset=\"http:\/\/schregle.eu\/wp-content\/uploads\/2015\/05\/FCA-Hannover-Mai15-180x101.jpg 180w, http:\/\/schregle.eu\/wp-content\/uploads\/2015\/05\/FCA-Hannover-Mai15-600x338.jpg 600w, http:\/\/schregle.eu\/wp-content\/uploads\/2015\/05\/FCA-Hannover-Mai15-1200x675.jpg 1200w, http:\/\/schregle.eu\/wp-content\/uploads\/2015\/05\/FCA-Hannover-Mai15.jpg 1280w\" sizes=\"auto, (max-width: 180px) 100vw, 180px\" \/><\/a><\/p>\n<p>&nbsp;<\/p>\n","protected":false},"excerpt":{"rendered":"<p>Nachdem wir unsere am 01. Mai geplante erste Bergwanderung dieses Jahr wegen schlechten Wetters schon auf den 17. Mai verschoben hatten, wollten wir diesen Termin trotz zweifelhafter Wetterlage auf jeden Fall wahrnehmen. Wolkenverhangen war das gew\u00fcnschte Blau \u00fcber uns und Richtung S\u00fcden sah es nicht besser aus, als wir uns um 09:00 Uhr am Messeparkplatz &hellip; <a href=\"http:\/\/schregle.eu\/?p=1057\" class=\"more-link\"><span class=\"screen-reader-text\">Sa. FCA &#8211; So. auf dem Buchenberg<\/span> weiterlesen <span class=\"meta-nav\">&rarr;<\/span><\/a><\/p>\n","protected":false},"author":1,"featured_media":0,"comment_status":"closed","ping_status":"closed","sticky":false,"template":"","format":"standard","meta":{"footnotes":""},"categories":[20],"tags":[],"class_list":["post-1057","post","type-post","status-publish","format-standard","hentry","category-freizeit"],"_links":{"self":[{"href":"http:\/\/schregle.eu\/index.php?rest_route=\/wp\/v2\/posts\/1057","targetHints":{"allow":["GET"]}}],"collection":[{"href":"http:\/\/schregle.eu\/index.php?rest_route=\/wp\/v2\/posts"}],"about":[{"href":"http:\/\/schregle.eu\/index.php?rest_route=\/wp\/v2\/types\/post"}],"author":[{"embeddable":true,"href":"http:\/\/schregle.eu\/index.php?rest_route=\/wp\/v2\/users\/1"}],"replies":[{"embeddable":true,"href":"http:\/\/schregle.eu\/index.php?rest_route=%2Fwp%2Fv2%2Fcomments&post=1057"}],"version-history":[{"count":6,"href":"http:\/\/schregle.eu\/index.php?rest_route=\/wp\/v2\/posts\/1057\/revisions"}],"predecessor-version":[{"id":1069,"href":"http:\/\/schregle.eu\/index.php?rest_route=\/wp\/v2\/posts\/1057\/revisions\/1069"}],"wp:attachment":[{"href":"http:\/\/schregle.eu\/index.php?rest_route=%2Fwp%2Fv2%2Fmedia&parent=1057"}],"wp:term":[{"taxonomy":"category","embeddable":true,"href":"http:\/\/schregle.eu\/index.php?rest_route=%2Fwp%2Fv2%2Fcategories&post=1057"},{"taxonomy":"post_tag","embeddable":true,"href":"http:\/\/schregle.eu\/index.php?rest_route=%2Fwp%2Fv2%2Ftags&post=1057"}],"curies":[{"name":"wp","href":"https:\/\/api.w.org\/{rel}","templated":true}]}}