{"id":1035,"date":"2015-04-16T21:24:08","date_gmt":"2015-04-16T19:24:08","guid":{"rendered":"http:\/\/schregle.eu\/?p=1035"},"modified":"2015-04-16T21:25:55","modified_gmt":"2015-04-16T19:25:55","slug":"ab-in-den-fruehling","status":"publish","type":"post","link":"http:\/\/schregle.eu\/?p=1035","title":{"rendered":"Ab in den Fr\u00fchling &#8230;"},"content":{"rendered":"<p style=\"text-align: justify;\">Winter ade \u2013 der Fr\u00fchling kann kommen. Mit dem Einzug des Fr\u00fchling melden sich allerdings auch wieder ein paar Baustellen, welche \u00fcber den Winter zum Teil entstanden sind oder flei\u00dfig \u00fcbersehen wurden.<\/p>\n<p style=\"text-align: justify;\">Nach fast 10 Jahren stand es schlimm um die \u00dcberdachung unserer Holzablage. Auch die Statik rief buchst\u00e4blich nach \u201eUnterst\u00fctzung\u201c. Die letzten St\u00fcrme des abziehenden Winters gaben der guten alten H\u00fctte dann den Rest und legten das Dach blank. Nach zweieinhalb Stunden Aufenthalt im Bauhaus und gut 9 Stunden Arbeit ist nun alles wieder in Ordnung und wir hoffen dass jetzt die n\u00e4chsten Jahre wieder Ruhe herrscht.<\/p>\n<p style=\"text-align: justify;\">Nat\u00fcrlich wurden im Rahmen der Fr\u00fchjahrsvorbereitung auch die Balkonbespannung wieder neu abgespannt, die Gartenm\u00f6bel reaktiviert und selbstverst\u00e4ndlich auch das Trampolin wieder aufgestellt. Die Balkonbepflanzung folgt dann im Mai.<\/p>\n<p style=\"text-align: justify;\">Und wenn ich jetzt so auf meiner Terrasse sitze, neige ich dazu der Welt zuzurufen: \u201eMacht mal ohne mich weiter \u2013 ich bin dann mal weg\u2026 ab in den Fr\u00fchling\u201c.<\/p>\n<p style=\"text-align: center;\">\u00a0<a href=\"http:\/\/schregle.eu\/?attachment_id=1047\" rel=\"attachment wp-att-1047\"><img loading=\"lazy\" decoding=\"async\" class=\"alignnone size-thumbnail wp-image-1047\" src=\"http:\/\/schregle.eu\/wp-content\/uploads\/2015\/04\/Fr\u00fchjahr-2015_01-180x101.jpg\" alt=\"Fr\u00fchjahr 2015_01\" width=\"180\" height=\"101\" srcset=\"http:\/\/schregle.eu\/wp-content\/uploads\/2015\/04\/Fr\u00fchjahr-2015_01-180x101.jpg 180w, http:\/\/schregle.eu\/wp-content\/uploads\/2015\/04\/Fr\u00fchjahr-2015_01-600x338.jpg 600w, http:\/\/schregle.eu\/wp-content\/uploads\/2015\/04\/Fr\u00fchjahr-2015_01.jpg 1200w\" sizes=\"auto, (max-width: 180px) 100vw, 180px\" \/><\/a> <a href=\"http:\/\/schregle.eu\/?attachment_id=1048\" rel=\"attachment wp-att-1048\"><img loading=\"lazy\" decoding=\"async\" class=\"alignnone size-thumbnail wp-image-1048\" src=\"http:\/\/schregle.eu\/wp-content\/uploads\/2015\/04\/Fr\u00fchjahr-2015_02-180x101.jpg\" alt=\"Fr\u00fchjahr 2015_02\" width=\"180\" height=\"101\" srcset=\"http:\/\/schregle.eu\/wp-content\/uploads\/2015\/04\/Fr\u00fchjahr-2015_02-180x101.jpg 180w, http:\/\/schregle.eu\/wp-content\/uploads\/2015\/04\/Fr\u00fchjahr-2015_02-600x338.jpg 600w, http:\/\/schregle.eu\/wp-content\/uploads\/2015\/04\/Fr\u00fchjahr-2015_02.jpg 1200w\" sizes=\"auto, (max-width: 180px) 100vw, 180px\" \/><\/a> <a href=\"http:\/\/schregle.eu\/?attachment_id=1049\" rel=\"attachment wp-att-1049\"><img loading=\"lazy\" decoding=\"async\" class=\"alignnone size-thumbnail wp-image-1049\" src=\"http:\/\/schregle.eu\/wp-content\/uploads\/2015\/04\/Fr\u00fchjahr-2015_03-180x101.jpg\" alt=\"Fr\u00fchjahr 2015_03\" width=\"180\" height=\"101\" srcset=\"http:\/\/schregle.eu\/wp-content\/uploads\/2015\/04\/Fr\u00fchjahr-2015_03-180x101.jpg 180w, http:\/\/schregle.eu\/wp-content\/uploads\/2015\/04\/Fr\u00fchjahr-2015_03-600x338.jpg 600w, http:\/\/schregle.eu\/wp-content\/uploads\/2015\/04\/Fr\u00fchjahr-2015_03.jpg 1200w\" sizes=\"auto, (max-width: 180px) 100vw, 180px\" \/><\/a> <a href=\"http:\/\/schregle.eu\/?attachment_id=1050\" rel=\"attachment wp-att-1050\"><img loading=\"lazy\" decoding=\"async\" class=\"alignnone size-thumbnail wp-image-1050\" src=\"http:\/\/schregle.eu\/wp-content\/uploads\/2015\/04\/Fr\u00fchjahr-2015_04-180x101.jpg\" alt=\"Fr\u00fchjahr 2015_04\" width=\"180\" height=\"101\" srcset=\"http:\/\/schregle.eu\/wp-content\/uploads\/2015\/04\/Fr\u00fchjahr-2015_04-180x101.jpg 180w, http:\/\/schregle.eu\/wp-content\/uploads\/2015\/04\/Fr\u00fchjahr-2015_04-600x338.jpg 600w, http:\/\/schregle.eu\/wp-content\/uploads\/2015\/04\/Fr\u00fchjahr-2015_04.jpg 1200w\" sizes=\"auto, (max-width: 180px) 100vw, 180px\" \/><\/a><\/p>\n","protected":false},"excerpt":{"rendered":"<p>Winter ade \u2013 der Fr\u00fchling kann kommen. Mit dem Einzug des Fr\u00fchling melden sich allerdings auch wieder ein paar Baustellen, welche \u00fcber den Winter zum Teil entstanden sind oder flei\u00dfig \u00fcbersehen wurden. Nach fast 10 Jahren stand es schlimm um die \u00dcberdachung unserer Holzablage. Auch die Statik rief buchst\u00e4blich nach \u201eUnterst\u00fctzung\u201c. Die letzten St\u00fcrme des &hellip; <a href=\"http:\/\/schregle.eu\/?p=1035\" class=\"more-link\"><span class=\"screen-reader-text\">Ab in den Fr\u00fchling &#8230;<\/span> weiterlesen <span class=\"meta-nav\">&rarr;<\/span><\/a><\/p>\n","protected":false},"author":1,"featured_media":0,"comment_status":"closed","ping_status":"closed","sticky":false,"template":"","format":"standard","meta":{"footnotes":""},"categories":[20],"tags":[],"class_list":["post-1035","post","type-post","status-publish","format-standard","hentry","category-freizeit"],"_links":{"self":[{"href":"http:\/\/schregle.eu\/index.php?rest_route=\/wp\/v2\/posts\/1035","targetHints":{"allow":["GET"]}}],"collection":[{"href":"http:\/\/schregle.eu\/index.php?rest_route=\/wp\/v2\/posts"}],"about":[{"href":"http:\/\/schregle.eu\/index.php?rest_route=\/wp\/v2\/types\/post"}],"author":[{"embeddable":true,"href":"http:\/\/schregle.eu\/index.php?rest_route=\/wp\/v2\/users\/1"}],"replies":[{"embeddable":true,"href":"http:\/\/schregle.eu\/index.php?rest_route=%2Fwp%2Fv2%2Fcomments&post=1035"}],"version-history":[{"count":8,"href":"http:\/\/schregle.eu\/index.php?rest_route=\/wp\/v2\/posts\/1035\/revisions"}],"predecessor-version":[{"id":1055,"href":"http:\/\/schregle.eu\/index.php?rest_route=\/wp\/v2\/posts\/1035\/revisions\/1055"}],"wp:attachment":[{"href":"http:\/\/schregle.eu\/index.php?rest_route=%2Fwp%2Fv2%2Fmedia&parent=1035"}],"wp:term":[{"taxonomy":"category","embeddable":true,"href":"http:\/\/schregle.eu\/index.php?rest_route=%2Fwp%2Fv2%2Fcategories&post=1035"},{"taxonomy":"post_tag","embeddable":true,"href":"http:\/\/schregle.eu\/index.php?rest_route=%2Fwp%2Fv2%2Ftags&post=1035"}],"curies":[{"name":"wp","href":"https:\/\/api.w.org\/{rel}","templated":true}]}}